{"id":997,"date":"2011-07-04T21:28:41","date_gmt":"2011-07-04T19:28:41","guid":{"rendered":"https:\/\/iminbokhylla.se\/?p=997"},"modified":"2011-07-27T16:28:32","modified_gmt":"2011-07-27T14:28:32","slug":"bara-i-semesterbehov","status":"publish","type":"post","link":"https:\/\/iminbokhylla.se\/?p=997","title":{"rendered":"Bara i semesterbehov"},"content":{"rendered":"<p>Jag har inte f\u00f6rsvunnit, jag har bara ett s\u00e5nt otroligt behov av semester nu. Jobbar den h\u00e4r veckan ut, och s\u00e5 tisdag n\u00e4sta vecka. Sen ska jag ligga p\u00e5 bryggan och l\u00e4sa b\u00f6cker. <\/p>\n","protected":false},"excerpt":{"rendered":"<p>Jag har inte f\u00f6rsvunnit, jag har bara ett s\u00e5nt otroligt behov av semester nu. Jobbar den h\u00e4r veckan ut, och s\u00e5 tisdag n\u00e4sta vecka. Sen ska jag ligga p\u00e5 bryggan och l\u00e4sa b\u00f6cker.<\/p>\n","protected":false},"author":1,"featured_media":0,"comment_status":"open","ping_status":"open","sticky":false,"template":"","format":"standard","meta":[],"categories":[4],"tags":[9],"featured_image_src":null,"featured_image_src_square":null,"author_info":{"display_name":"Josefine","author_link":"https:\/\/iminbokhylla.se\/?author=1"},"_links":{"self":[{"href":"https:\/\/iminbokhylla.se\/index.php?rest_route=\/wp\/v2\/posts\/997"}],"collection":[{"href":"https:\/\/iminbokhylla.se\/index.php?rest_route=\/wp\/v2\/posts"}],"about":[{"href":"https:\/\/iminbokhylla.se\/index.php?rest_route=\/wp\/v2\/types\/post"}],"author":[{"embeddable":true,"href":"https:\/\/iminbokhylla.se\/index.php?rest_route=\/wp\/v2\/users\/1"}],"replies":[{"embeddable":true,"href":"https:\/\/iminbokhylla.se\/index.php?rest_route=%2Fwp%2Fv2%2Fcomments&post=997"}],"version-history":[{"count":0,"href":"https:\/\/iminbokhylla.se\/index.php?rest_route=\/wp\/v2\/posts\/997\/revisions"}],"wp:attachment":[{"href":"https:\/\/iminbokhylla.se\/index.php?rest_route=%2Fwp%2Fv2%2Fmedia&parent=997"}],"wp:term":[{"taxonomy":"category","embeddable":true,"href":"https:\/\/iminbokhylla.se\/index.php?rest_route=%2Fwp%2Fv2%2Fcategories&post=997"},{"taxonomy":"post_tag","embeddable":true,"href":"https:\/\/iminbokhylla.se\/index.php?rest_route=%2Fwp%2Fv2%2Ftags&post=997"}],"curies":[{"name":"wp","href":"https:\/\/api.w.org\/{rel}","templated":true}]}}