{"id":979,"date":"2011-06-28T18:44:25","date_gmt":"2011-06-28T16:44:25","guid":{"rendered":"https:\/\/iminbokhylla.se\/?p=979"},"modified":"2011-07-27T16:28:32","modified_gmt":"2011-07-27T14:28:32","slug":"jag-alskar-dig-inte-jag-vill-bara-skrika-at-huvudpersonen","status":"publish","type":"post","link":"https:\/\/iminbokhylla.se\/?p=979","title":{"rendered":"Jag \u00e4lskar dig inte: jag vill bara skrika \u00e5t huvudpersonen"},"content":{"rendered":"<p><strong>Bok:<\/strong> Jag \u00e4lskar dig inte<br \/>\n<strong>F\u00f6rfattare<\/strong>: Christina Stielli<br \/>\n<strong>F\u00f6rlag<\/strong>: M\u00e5npocket<br \/>\n<strong>Sajt<\/strong>: <a href=\"http:\/\/www.christinastielli.se\/\">ChrstinaStielli.se<\/a><\/p>\n<p><em>Recensionsexemplar fr\u00e5n M\u00e5npocket<\/em><\/p>\n<p>Lotten \u00e4r hemmafru i en fin f\u00f6rort till Stockholm. Maken arbetar p\u00e5 NK, de tv\u00e5 barnen \u00e4r fina och v\u00e4lartade. Pl\u00f6tsligt vill hennes man l\u00e4mna henne och Lotten f\u00e5r panik. Familjen \u00e4r ju allt hon lever f\u00f6r.<\/p>\n<p><a title=\"Stielli by Granding, on Flickr\" href=\"http:\/\/www.flickr.com\/photos\/granding\/5878004798\/\"><img loading=\"lazy\" src=\"http:\/\/farm7.static.flickr.com\/6099\/5878004798_69abdea489.jpg\" alt=\"Stielli\" width=\"185\" height=\"300\" \/><\/a><\/p>\n<p><strong>Betyg:<\/strong><br \/>\nDet \u00e4r sv\u00e5rt f\u00f6r mig att betygs\u00e4tta den h\u00e4r boken. Dels f\u00f6r att jag hade skyh\u00f6ga f\u00f6rv\u00e4ntningar innan jag b\u00f6rjade l\u00e4sa den, eftersom &#8221;alla&#8221; sagt att den \u00e4r s\u00e5\u00e5\u00e5\u00e5\u00e5 bra, dels f\u00f6r att det tar halva boken innan jag \u00f6verhuvudtaget kan gilla eller ens k\u00e4nna sympati f\u00f6r huvudpersonen. Lotten \u00e4r allts\u00e5 hemmafru och blir psykiskt misshandlad av sin make. Trots att jag f\u00f6rst\u00e5r att han helt brutit ned henne vill jag bara antingen ruska om och skrika \u00e5t henne eller sl\u00e4nga boken i v\u00e4ggen n\u00e4r hon blir s\u00e5 totalt krossad av att han l\u00e4mnar henne. Som tur \u00e4r tar hon till slut tag i sig sj\u00e4lv och jag kan l\u00e4sa vidare utan att blir arg. F\u00f6rsta halvan ger jag en tv\u00e5a, andra halvan en fyra. Vi landar allts\u00e5 p\u00e5 en trea.<\/p>\n<p><img loading=\"lazy\" src=\"https:\/\/iminbokhylla.se\/betyg_3.png\" alt=\"betyg\" width=\"472\" height=\"99\" \/><\/p>\n","protected":false},"excerpt":{"rendered":"<p>Bok: Jag \u00e4lskar dig inte F\u00f6rfattare: Christina Stielli F\u00f6rlag: M\u00e5npocket Sajt: ChrstinaStielli.se Recensionsexemplar fr\u00e5n M\u00e5npocket Lotten \u00e4r hemmafru i en fin f\u00f6rort till Stockholm. Maken arbetar p\u00e5 NK, de tv\u00e5 barnen \u00e4r fina och v\u00e4lartade. Pl\u00f6tsligt vill hennes man l\u00e4mna henne och Lotten f\u00e5r panik. Familjen \u00e4r ju allt hon lever f\u00f6r. Betyg: Det \u00e4r &hellip; <a href=\"https:\/\/iminbokhylla.se\/?p=979\" class=\"more-link\">Forts\u00e4tt l\u00e4sa<span class=\"screen-reader-text\"> \u201dJag \u00e4lskar dig inte: jag vill bara skrika \u00e5t huvudpersonen\u201d<\/span><\/a><\/p>\n","protected":false},"author":1,"featured_media":0,"comment_status":"open","ping_status":"open","sticky":false,"template":"","format":"standard","meta":[],"categories":[3],"tags":[9],"featured_image_src":null,"featured_image_src_square":null,"author_info":{"display_name":"Josefine","author_link":"https:\/\/iminbokhylla.se\/?author=1"},"_links":{"self":[{"href":"https:\/\/iminbokhylla.se\/index.php?rest_route=\/wp\/v2\/posts\/979"}],"collection":[{"href":"https:\/\/iminbokhylla.se\/index.php?rest_route=\/wp\/v2\/posts"}],"about":[{"href":"https:\/\/iminbokhylla.se\/index.php?rest_route=\/wp\/v2\/types\/post"}],"author":[{"embeddable":true,"href":"https:\/\/iminbokhylla.se\/index.php?rest_route=\/wp\/v2\/users\/1"}],"replies":[{"embeddable":true,"href":"https:\/\/iminbokhylla.se\/index.php?rest_route=%2Fwp%2Fv2%2Fcomments&post=979"}],"version-history":[{"count":0,"href":"https:\/\/iminbokhylla.se\/index.php?rest_route=\/wp\/v2\/posts\/979\/revisions"}],"wp:attachment":[{"href":"https:\/\/iminbokhylla.se\/index.php?rest_route=%2Fwp%2Fv2%2Fmedia&parent=979"}],"wp:term":[{"taxonomy":"category","embeddable":true,"href":"https:\/\/iminbokhylla.se\/index.php?rest_route=%2Fwp%2Fv2%2Fcategories&post=979"},{"taxonomy":"post_tag","embeddable":true,"href":"https:\/\/iminbokhylla.se\/index.php?rest_route=%2Fwp%2Fv2%2Ftags&post=979"}],"curies":[{"name":"wp","href":"https:\/\/api.w.org\/{rel}","templated":true}]}}