{"id":95,"date":"2010-10-18T12:20:53","date_gmt":"2010-10-18T10:20:53","guid":{"rendered":"https:\/\/iminbokhylla.se\/?p=95"},"modified":"2011-07-27T16:35:24","modified_gmt":"2011-07-27T14:35:24","slug":"tavla-om-presentkort-pa-adlibiris","status":"publish","type":"post","link":"https:\/\/iminbokhylla.se\/?p=95","title":{"rendered":"T\u00e4vla om presentkort p\u00e5 Adlibris"},"content":{"rendered":"<p><a href=\"http:\/\/designk.blogspot.com\/2010\/10\/bloggen-fyller-3-ar.html\">Kerstins krumelurer<\/a> fyller 3 \u00e5r och firar med en t\u00e4vling. Vem vill inte vinna ett presentkort p\u00e5 Adlibris?<\/p>\n","protected":false},"excerpt":{"rendered":"<p>Kerstins krumelurer fyller 3 \u00e5r och firar med en t\u00e4vling. Vem vill inte vinna ett presentkort p\u00e5 Adlibris?<\/p>\n","protected":false},"author":1,"featured_media":0,"comment_status":"open","ping_status":"open","sticky":false,"template":"","format":"standard","meta":[],"categories":[4],"tags":[9],"featured_image_src":null,"featured_image_src_square":null,"author_info":{"display_name":"Josefine","author_link":"https:\/\/iminbokhylla.se\/?author=1"},"_links":{"self":[{"href":"https:\/\/iminbokhylla.se\/index.php?rest_route=\/wp\/v2\/posts\/95"}],"collection":[{"href":"https:\/\/iminbokhylla.se\/index.php?rest_route=\/wp\/v2\/posts"}],"about":[{"href":"https:\/\/iminbokhylla.se\/index.php?rest_route=\/wp\/v2\/types\/post"}],"author":[{"embeddable":true,"href":"https:\/\/iminbokhylla.se\/index.php?rest_route=\/wp\/v2\/users\/1"}],"replies":[{"embeddable":true,"href":"https:\/\/iminbokhylla.se\/index.php?rest_route=%2Fwp%2Fv2%2Fcomments&post=95"}],"version-history":[{"count":0,"href":"https:\/\/iminbokhylla.se\/index.php?rest_route=\/wp\/v2\/posts\/95\/revisions"}],"wp:attachment":[{"href":"https:\/\/iminbokhylla.se\/index.php?rest_route=%2Fwp%2Fv2%2Fmedia&parent=95"}],"wp:term":[{"taxonomy":"category","embeddable":true,"href":"https:\/\/iminbokhylla.se\/index.php?rest_route=%2Fwp%2Fv2%2Fcategories&post=95"},{"taxonomy":"post_tag","embeddable":true,"href":"https:\/\/iminbokhylla.se\/index.php?rest_route=%2Fwp%2Fv2%2Ftags&post=95"}],"curies":[{"name":"wp","href":"https:\/\/api.w.org\/{rel}","templated":true}]}}