{"id":944,"date":"2011-06-14T16:25:01","date_gmt":"2011-06-14T14:25:01","guid":{"rendered":"https:\/\/iminbokhylla.se\/?p=944"},"modified":"2011-07-27T16:28:32","modified_gmt":"2011-07-27T14:28:32","slug":"i-taxi-mot-bokcirkel","status":"publish","type":"post","link":"https:\/\/iminbokhylla.se\/?p=944","title":{"rendered":"I taxi mot bokcirkel"},"content":{"rendered":"<p>Jag har skadat min fot. Sedan i februari har jag, ovetandes, g\u00e5tt omkring med en fraktur i v\u00e4nster fot. Detta uppdagades i slutet av maj och jag \u00e4r sedan dess &#8221;sjukskriven men f\u00e5r jobba om jag \u00e5ker taxi&#8221;. S\u00e5 mycket taxi\u00e5kande i jobbet just nu. Men privat h\u00e5ller jag mig hemma. Taxi \u00e4r dyrt, och foten gillar inte ens den lilla promenad som en taxif\u00e4rd inneb\u00e4r. <\/p>\n<p>Men ikv\u00e4ll \u00e4r det bara att ta fram bra skor och pl\u00e5nboken, f\u00f6r det \u00e4r dags f\u00f6r sommaravslutning i min <a href=\"https:\/\/iminbokhylla.se\/2011\/01\/30\/en-bokcirkel-for-lotta\/\">Lottabokcirkel<\/a>. Kan inte t\u00e4nka mig n\u00e5got b\u00e4ttre att l\u00e4gga pengarna p\u00e5! <\/p>\n","protected":false},"excerpt":{"rendered":"<p>Jag har skadat min fot. Sedan i februari har jag, ovetandes, g\u00e5tt omkring med en fraktur i v\u00e4nster fot. Detta uppdagades i slutet av maj och jag \u00e4r sedan dess &#8221;sjukskriven men f\u00e5r jobba om jag \u00e5ker taxi&#8221;. S\u00e5 mycket taxi\u00e5kande i jobbet just nu. Men privat h\u00e5ller jag mig hemma. Taxi \u00e4r dyrt, och &hellip; <a href=\"https:\/\/iminbokhylla.se\/?p=944\" class=\"more-link\">Forts\u00e4tt l\u00e4sa<span class=\"screen-reader-text\"> \u201dI taxi mot bokcirkel\u201d<\/span><\/a><\/p>\n","protected":false},"author":1,"featured_media":0,"comment_status":"open","ping_status":"open","sticky":false,"template":"","format":"standard","meta":[],"categories":[4],"tags":[9],"featured_image_src":null,"featured_image_src_square":null,"author_info":{"display_name":"Josefine","author_link":"https:\/\/iminbokhylla.se\/?author=1"},"_links":{"self":[{"href":"https:\/\/iminbokhylla.se\/index.php?rest_route=\/wp\/v2\/posts\/944"}],"collection":[{"href":"https:\/\/iminbokhylla.se\/index.php?rest_route=\/wp\/v2\/posts"}],"about":[{"href":"https:\/\/iminbokhylla.se\/index.php?rest_route=\/wp\/v2\/types\/post"}],"author":[{"embeddable":true,"href":"https:\/\/iminbokhylla.se\/index.php?rest_route=\/wp\/v2\/users\/1"}],"replies":[{"embeddable":true,"href":"https:\/\/iminbokhylla.se\/index.php?rest_route=%2Fwp%2Fv2%2Fcomments&post=944"}],"version-history":[{"count":0,"href":"https:\/\/iminbokhylla.se\/index.php?rest_route=\/wp\/v2\/posts\/944\/revisions"}],"wp:attachment":[{"href":"https:\/\/iminbokhylla.se\/index.php?rest_route=%2Fwp%2Fv2%2Fmedia&parent=944"}],"wp:term":[{"taxonomy":"category","embeddable":true,"href":"https:\/\/iminbokhylla.se\/index.php?rest_route=%2Fwp%2Fv2%2Fcategories&post=944"},{"taxonomy":"post_tag","embeddable":true,"href":"https:\/\/iminbokhylla.se\/index.php?rest_route=%2Fwp%2Fv2%2Ftags&post=944"}],"curies":[{"name":"wp","href":"https:\/\/api.w.org\/{rel}","templated":true}]}}