{"id":894,"date":"2011-07-21T10:49:02","date_gmt":"2011-07-21T08:49:02","guid":{"rendered":"https:\/\/iminbokhylla.se\/?p=894"},"modified":"2011-07-27T16:27:23","modified_gmt":"2011-07-27T14:27:23","slug":"den-enogde-kaninen","status":"publish","type":"post","link":"https:\/\/iminbokhylla.se\/?p=894","title":{"rendered":"Den en\u00f6gde kaninen: suspekt men vacker"},"content":{"rendered":"<p><strong>Bok:<\/strong> Den en\u00f6gde kaninen<br \/>\n<strong>F\u00f6rfattare<\/strong>: Christoffer Carlsson<br \/>\n<strong>F\u00f6rlag<\/strong>: Piratf\u00f6rlaget<br \/>\n<strong>Sajt<\/strong>: <a href=\"http:\/\/christoffercarlsson.wordpress.com\/\">F\u00f6rfattarens blogg<\/a><\/p>\n<p><em>Recensionsexemplar fr\u00e5n Piratf\u00f6rlaget<br \/>\n<\/em><\/p>\n<p>David Flygare har flyttat till Stockholm men \u00e5ker hem till mamma och pappa i lilla orten Dalen \u00f6ver sommaren. Han och hans suspekta v\u00e4nner tillbringar l\u00e5nga dagar vid ett \u00f6dehus i skogen, med sol, grillning, \u00f6l och en del knark. P\u00e5 n\u00e4tterna g\u00f6r de inbrott och st\u00f6ldgodset g\u00f6mmer de i \u00f6dehuset.  <\/p>\n<p>Sj\u00e4lvklart sp\u00e5rar det ur. En man d\u00f6r och en i gruppen visar sig ha stora skulder till v\u00e5ldsamma m\u00e4n. <\/p>\n<p><a href=\"http:\/\/www.flickr.com\/photos\/granding\/5917490667\/\" title=\"Den en\u00f6gda kaninen by Granding, on Flickr\"><img loading=\"lazy\" src=\"http:\/\/farm7.static.flickr.com\/6001\/5917490667_5f63c9a10e.jpg\" width=\"180\" height=\"263\" alt=\"Den en\u00f6gda kaninen\"><\/a><\/p>\n<p><strong>Betyg:<\/strong><br \/>\nJag var inte helt f\u00f6rtjust i Christoffer Carlssons f\u00f6rsta bok, <a href=\"https:\/\/iminbokhylla.se\/2011\/04\/07\/fallet-vincent-franke\/\">Fallet Vincent Franke<\/a> men nu tycker jag att b\u00e5de ber\u00e4ttarstil och karakt\u00e4rer utvecklats. <\/p>\n<p>Boken \u00e4r p\u00e5 gr\u00e4nsen till f\u00f6r &#8221;konstig&#8221; f\u00f6r mig, med hus som skickar budskap och knarkhallucinationer, men f\u00f6rfattaren lyckas h\u00e5lla det p\u00e5 r\u00e4tt niv\u00e5. Boken har kallats vacker, och jo, den \u00e4r faktiskt ganska vacker. <\/p>\n<p><img loading=\"lazy\" src=\"https:\/\/iminbokhylla.se\/betyg_3.png\" width=\"472\" height=\"99\" alt=\"betyg\" \/><\/p>\n","protected":false},"excerpt":{"rendered":"<p>Bok: Den en\u00f6gde kaninen F\u00f6rfattare: Christoffer Carlsson F\u00f6rlag: Piratf\u00f6rlaget Sajt: F\u00f6rfattarens blogg Recensionsexemplar fr\u00e5n Piratf\u00f6rlaget David Flygare har flyttat till Stockholm men \u00e5ker hem till mamma och pappa i lilla orten Dalen \u00f6ver sommaren. Han och hans suspekta v\u00e4nner tillbringar l\u00e5nga dagar vid ett \u00f6dehus i skogen, med sol, grillning, \u00f6l och en del knark. &hellip; <a href=\"https:\/\/iminbokhylla.se\/?p=894\" class=\"more-link\">Forts\u00e4tt l\u00e4sa<span class=\"screen-reader-text\"> \u201dDen en\u00f6gde kaninen: suspekt men vacker\u201d<\/span><\/a><\/p>\n","protected":false},"author":1,"featured_media":0,"comment_status":"open","ping_status":"open","sticky":false,"template":"","format":"standard","meta":[],"categories":[3],"tags":[9],"featured_image_src":null,"featured_image_src_square":null,"author_info":{"display_name":"Josefine","author_link":"https:\/\/iminbokhylla.se\/?author=1"},"_links":{"self":[{"href":"https:\/\/iminbokhylla.se\/index.php?rest_route=\/wp\/v2\/posts\/894"}],"collection":[{"href":"https:\/\/iminbokhylla.se\/index.php?rest_route=\/wp\/v2\/posts"}],"about":[{"href":"https:\/\/iminbokhylla.se\/index.php?rest_route=\/wp\/v2\/types\/post"}],"author":[{"embeddable":true,"href":"https:\/\/iminbokhylla.se\/index.php?rest_route=\/wp\/v2\/users\/1"}],"replies":[{"embeddable":true,"href":"https:\/\/iminbokhylla.se\/index.php?rest_route=%2Fwp%2Fv2%2Fcomments&post=894"}],"version-history":[{"count":0,"href":"https:\/\/iminbokhylla.se\/index.php?rest_route=\/wp\/v2\/posts\/894\/revisions"}],"wp:attachment":[{"href":"https:\/\/iminbokhylla.se\/index.php?rest_route=%2Fwp%2Fv2%2Fmedia&parent=894"}],"wp:term":[{"taxonomy":"category","embeddable":true,"href":"https:\/\/iminbokhylla.se\/index.php?rest_route=%2Fwp%2Fv2%2Fcategories&post=894"},{"taxonomy":"post_tag","embeddable":true,"href":"https:\/\/iminbokhylla.se\/index.php?rest_route=%2Fwp%2Fv2%2Ftags&post=894"}],"curies":[{"name":"wp","href":"https:\/\/api.w.org\/{rel}","templated":true}]}}