{"id":883,"date":"2011-05-26T06:00:06","date_gmt":"2011-05-26T04:00:06","guid":{"rendered":"https:\/\/iminbokhylla.se\/2011\/05\/26\/en-heldag-i-bockernas-varld\/"},"modified":"2011-07-27T16:29:20","modified_gmt":"2011-07-27T14:29:20","slug":"en-heldag-i-bockernas-varld","status":"publish","type":"post","link":"https:\/\/iminbokhylla.se\/?p=883","title":{"rendered":"En heldag i b\u00f6ckernas v\u00e4rld"},"content":{"rendered":"<p>F\u00f6r ett tag sedan skrev jag att jag blivit <a href=\"https:\/\/iminbokhylla.se\/2011\/04\/27\/insald-som-boknord\/\">ins\u00e5ld som bokn\u00f6rd i ett projekt p\u00e5 jobbet<\/a>. Idag forts\u00e4tter det projektet och jag sitter nu p\u00e5 t\u00e5get till G\u00f6teborg f\u00f6r att diskutera b\u00f6ckers framtid. Jag upprepar: diskutera b\u00f6ckers framtid hela dagen. P\u00e5 arbetstid. Helt ok. \ud83d\ude42<\/p>\n","protected":false},"excerpt":{"rendered":"<p>F\u00f6r ett tag sedan skrev jag att jag blivit ins\u00e5ld som bokn\u00f6rd i ett projekt p\u00e5 jobbet. Idag forts\u00e4tter det projektet och jag sitter nu p\u00e5 t\u00e5get till G\u00f6teborg f\u00f6r att diskutera b\u00f6ckers framtid. Jag upprepar: diskutera b\u00f6ckers framtid hela dagen. P\u00e5 arbetstid. Helt ok. \ud83d\ude42<\/p>\n","protected":false},"author":1,"featured_media":0,"comment_status":"open","ping_status":"open","sticky":false,"template":"","format":"standard","meta":[],"categories":[4],"tags":[9],"featured_image_src":null,"featured_image_src_square":null,"author_info":{"display_name":"Josefine","author_link":"https:\/\/iminbokhylla.se\/?author=1"},"_links":{"self":[{"href":"https:\/\/iminbokhylla.se\/index.php?rest_route=\/wp\/v2\/posts\/883"}],"collection":[{"href":"https:\/\/iminbokhylla.se\/index.php?rest_route=\/wp\/v2\/posts"}],"about":[{"href":"https:\/\/iminbokhylla.se\/index.php?rest_route=\/wp\/v2\/types\/post"}],"author":[{"embeddable":true,"href":"https:\/\/iminbokhylla.se\/index.php?rest_route=\/wp\/v2\/users\/1"}],"replies":[{"embeddable":true,"href":"https:\/\/iminbokhylla.se\/index.php?rest_route=%2Fwp%2Fv2%2Fcomments&post=883"}],"version-history":[{"count":0,"href":"https:\/\/iminbokhylla.se\/index.php?rest_route=\/wp\/v2\/posts\/883\/revisions"}],"wp:attachment":[{"href":"https:\/\/iminbokhylla.se\/index.php?rest_route=%2Fwp%2Fv2%2Fmedia&parent=883"}],"wp:term":[{"taxonomy":"category","embeddable":true,"href":"https:\/\/iminbokhylla.se\/index.php?rest_route=%2Fwp%2Fv2%2Fcategories&post=883"},{"taxonomy":"post_tag","embeddable":true,"href":"https:\/\/iminbokhylla.se\/index.php?rest_route=%2Fwp%2Fv2%2Ftags&post=883"}],"curies":[{"name":"wp","href":"https:\/\/api.w.org\/{rel}","templated":true}]}}