{"id":873,"date":"2011-06-22T14:16:20","date_gmt":"2011-06-22T12:16:20","guid":{"rendered":"https:\/\/iminbokhylla.se\/?p=873"},"modified":"2011-07-27T16:28:32","modified_gmt":"2011-07-27T14:28:32","slug":"snokupan-den-duktiga-flickan-kraschar","status":"publish","type":"post","link":"https:\/\/iminbokhylla.se\/?p=873","title":{"rendered":"Sn\u00f6kupan: den duktiga flickan kraschar"},"content":{"rendered":"<p><strong>Bok:<\/strong> Sn\u00f6kupan<br \/>\n<strong>F\u00f6rfattare<\/strong>: Annika Bengtsson<br \/>\n<strong>F\u00f6rlag<\/strong>: Grim f\u00f6rlag<br \/>\n<strong>Sajt<\/strong>: <a href=\"http:\/\/www.grimforlag.se\/\">F\u00f6rfattarens egna f\u00f6rlag<\/a><\/p>\n<p><em>Recensionsexemplar fr\u00e5n Grim f\u00f6rlag<\/em><\/p>\n<p>S\u00f6nderstressade Carina h\u00e5ller p\u00e5 att g\u00e5 s\u00f6nder. Alla litar p\u00e5 Carina, och alla litar p\u00e5 att hon ska fixa allt som beh\u00f6ver fixas. Till slut tar det stopp och Carina r\u00e5kar k\u00f6ra \u00f6ver en m\u00e4nniska. Och smiter fr\u00e5n platsen. En familj full av l\u00f6gner f\u00e5r pl\u00f6tsligt n\u00e5gra fler. <\/p>\n<p><a href=\"http:\/\/www.flickr.com\/photos\/granding\/5839273620\/\" title=\"snokupan by Granding, on Flickr\"><img loading=\"lazy\" src=\"http:\/\/farm4.static.flickr.com\/3450\/5839273620_d0fbcd4c46.jpg\" width=\"311\" height=\"500\" alt=\"snokupan\"><\/a><\/p>\n<p><strong>Betyg:<\/strong><br \/>\nDet \u00e4r intressant att l\u00e4sa om Carina, som s\u00e5 v\u00e4l personifierar &#8221;den duktiga flickan&#8221;, n\u00e5got vi s\u00e5 m\u00e5nga lider av. Det \u00e4r ocks\u00e5 sk\u00f6nt att hon kraschar (\u00e4ven om man f\u00f6rst\u00e5s kan s\u00e4ga stopp utan att k\u00f6ra ihj\u00e4l folk). Karakt\u00e4rerna \u00e4r intressanta, har ett djup och k\u00e4nns intressanta. <\/p>\n<p><img loading=\"lazy\" src=\"https:\/\/iminbokhylla.se\/betyg_3.png\" width=\"472\" height=\"99\" alt=\"betyg\" \/><\/p>\n","protected":false},"excerpt":{"rendered":"<p>Bok: Sn\u00f6kupan F\u00f6rfattare: Annika Bengtsson F\u00f6rlag: Grim f\u00f6rlag Sajt: F\u00f6rfattarens egna f\u00f6rlag Recensionsexemplar fr\u00e5n Grim f\u00f6rlag S\u00f6nderstressade Carina h\u00e5ller p\u00e5 att g\u00e5 s\u00f6nder. Alla litar p\u00e5 Carina, och alla litar p\u00e5 att hon ska fixa allt som beh\u00f6ver fixas. Till slut tar det stopp och Carina r\u00e5kar k\u00f6ra \u00f6ver en m\u00e4nniska. Och smiter fr\u00e5n platsen. &hellip; <a href=\"https:\/\/iminbokhylla.se\/?p=873\" class=\"more-link\">Forts\u00e4tt l\u00e4sa<span class=\"screen-reader-text\"> \u201dSn\u00f6kupan: den duktiga flickan kraschar\u201d<\/span><\/a><\/p>\n","protected":false},"author":1,"featured_media":0,"comment_status":"open","ping_status":"open","sticky":false,"template":"","format":"standard","meta":[],"categories":[3],"tags":[9],"featured_image_src":null,"featured_image_src_square":null,"author_info":{"display_name":"Josefine","author_link":"https:\/\/iminbokhylla.se\/?author=1"},"_links":{"self":[{"href":"https:\/\/iminbokhylla.se\/index.php?rest_route=\/wp\/v2\/posts\/873"}],"collection":[{"href":"https:\/\/iminbokhylla.se\/index.php?rest_route=\/wp\/v2\/posts"}],"about":[{"href":"https:\/\/iminbokhylla.se\/index.php?rest_route=\/wp\/v2\/types\/post"}],"author":[{"embeddable":true,"href":"https:\/\/iminbokhylla.se\/index.php?rest_route=\/wp\/v2\/users\/1"}],"replies":[{"embeddable":true,"href":"https:\/\/iminbokhylla.se\/index.php?rest_route=%2Fwp%2Fv2%2Fcomments&post=873"}],"version-history":[{"count":0,"href":"https:\/\/iminbokhylla.se\/index.php?rest_route=\/wp\/v2\/posts\/873\/revisions"}],"wp:attachment":[{"href":"https:\/\/iminbokhylla.se\/index.php?rest_route=%2Fwp%2Fv2%2Fmedia&parent=873"}],"wp:term":[{"taxonomy":"category","embeddable":true,"href":"https:\/\/iminbokhylla.se\/index.php?rest_route=%2Fwp%2Fv2%2Fcategories&post=873"},{"taxonomy":"post_tag","embeddable":true,"href":"https:\/\/iminbokhylla.se\/index.php?rest_route=%2Fwp%2Fv2%2Ftags&post=873"}],"curies":[{"name":"wp","href":"https:\/\/api.w.org\/{rel}","templated":true}]}}