{"id":871,"date":"2011-06-11T14:26:25","date_gmt":"2011-06-11T12:26:25","guid":{"rendered":"https:\/\/iminbokhylla.se\/?p=871"},"modified":"2011-07-27T16:29:18","modified_gmt":"2011-07-27T14:29:18","slug":"anglavakter-jag-kan-fortfarande-inte-komma-ihag-karaktarerna","status":"publish","type":"post","link":"https:\/\/iminbokhylla.se\/?p=871","title":{"rendered":"\u00c4nglavakter: jag kan fortfarande inte komma ih\u00e5g karakt\u00e4rerna"},"content":{"rendered":"<p><strong>Bok:<\/strong> \u00c4nglavakter<br \/>\n<strong>F\u00f6rfattare<\/strong>: Kristina Ohlsson<br \/>\n<strong>F\u00f6rlag<\/strong>: Piratf\u00f6rlaget<br \/>\n<strong>Sajt<\/strong>: <a href=\"http:\/\/www.piratforlaget.se\/tibet\/template\/Index.vm?pageid=6366\">Piratf\u00f6rlagets f\u00f6rfattarsida<\/a><\/p>\n<p>Recensionsexemplar fr\u00e5n Piratf\u00f6rlaget<\/p>\n<p>Det \u00e4r dags f\u00f6r Kristina Ohlssons tredje bok. \u00c4nglavakter heter nu den som f\u00f6ljer Tusensk\u00f6nor och Askungar. Huvudperson \u00e4r som vanligt den civila utredaren Fredrika Bergman, som nu f\u00e5tt barn. <\/p>\n<p>En ung kvinna hittas styckad och begravd i ett skogsomr\u00e5de i en f\u00f6rort till Stockholm. Under utredningens g\u00e5ng hittas nya lik p\u00e5 samma plats. Samtidigt har Fredrika Bergmans sambo f\u00e5tt problem med r\u00e4ttvisan. <\/p>\n<p><a href=\"http:\/\/www.flickr.com\/photos\/granding\/5815813022\/\" title=\"\u00c4nglavakter by Granding, on Flickr\"><img loading=\"lazy\" src=\"http:\/\/farm3.static.flickr.com\/2133\/5815813022_cdc9d2fbed.jpg\" width=\"174\" height=\"270\" alt=\"\u00c4nglavakter\"><\/a><\/p>\n<p><strong>Betyg:<\/strong><br \/>\nJag har l\u00e4st b\u00e5da de tidigare b\u00f6ckerna i det h\u00e4r serien, och<a href=\"https:\/\/iminbokhylla.se\/2011\/01\/04\/tusenskonor-inget-man-kommer-ihag\/\"> precis som f\u00f6rra g\u00e5ngen<\/a> tycker jag att den boken \u00e4r b\u00e4ttre \u00e4n den f\u00f6rra. Men det blir fortfarande en trea. Jag har nu l\u00e4st tre b\u00f6cker om samma personer och jag har fortfarande ingen aning om vad de heter. <\/p>\n<p><img loading=\"lazy\" src=\"https:\/\/iminbokhylla.se\/betyg_3.png\" width=\"472\" height=\"99\" alt=\"betyg\" \/><\/p>\n<p><em>\u00c4r det n\u00e5gon annan som l\u00e4st n\u00e5gon av Kristina Ohlssons b\u00f6cker? Har ni samma problem med karakt\u00e4rerna som jag?<\/em><\/p>\n","protected":false},"excerpt":{"rendered":"<p>Bok: \u00c4nglavakter F\u00f6rfattare: Kristina Ohlsson F\u00f6rlag: Piratf\u00f6rlaget Sajt: Piratf\u00f6rlagets f\u00f6rfattarsida Recensionsexemplar fr\u00e5n Piratf\u00f6rlaget Det \u00e4r dags f\u00f6r Kristina Ohlssons tredje bok. \u00c4nglavakter heter nu den som f\u00f6ljer Tusensk\u00f6nor och Askungar. Huvudperson \u00e4r som vanligt den civila utredaren Fredrika Bergman, som nu f\u00e5tt barn. En ung kvinna hittas styckad och begravd i ett skogsomr\u00e5de i en &hellip; <a href=\"https:\/\/iminbokhylla.se\/?p=871\" class=\"more-link\">Forts\u00e4tt l\u00e4sa<span class=\"screen-reader-text\"> \u201d\u00c4nglavakter: jag kan fortfarande inte komma ih\u00e5g karakt\u00e4rerna\u201d<\/span><\/a><\/p>\n","protected":false},"author":1,"featured_media":0,"comment_status":"open","ping_status":"open","sticky":false,"template":"","format":"standard","meta":[],"categories":[3],"tags":[9],"featured_image_src":null,"featured_image_src_square":null,"author_info":{"display_name":"Josefine","author_link":"https:\/\/iminbokhylla.se\/?author=1"},"_links":{"self":[{"href":"https:\/\/iminbokhylla.se\/index.php?rest_route=\/wp\/v2\/posts\/871"}],"collection":[{"href":"https:\/\/iminbokhylla.se\/index.php?rest_route=\/wp\/v2\/posts"}],"about":[{"href":"https:\/\/iminbokhylla.se\/index.php?rest_route=\/wp\/v2\/types\/post"}],"author":[{"embeddable":true,"href":"https:\/\/iminbokhylla.se\/index.php?rest_route=\/wp\/v2\/users\/1"}],"replies":[{"embeddable":true,"href":"https:\/\/iminbokhylla.se\/index.php?rest_route=%2Fwp%2Fv2%2Fcomments&post=871"}],"version-history":[{"count":0,"href":"https:\/\/iminbokhylla.se\/index.php?rest_route=\/wp\/v2\/posts\/871\/revisions"}],"wp:attachment":[{"href":"https:\/\/iminbokhylla.se\/index.php?rest_route=%2Fwp%2Fv2%2Fmedia&parent=871"}],"wp:term":[{"taxonomy":"category","embeddable":true,"href":"https:\/\/iminbokhylla.se\/index.php?rest_route=%2Fwp%2Fv2%2Fcategories&post=871"},{"taxonomy":"post_tag","embeddable":true,"href":"https:\/\/iminbokhylla.se\/index.php?rest_route=%2Fwp%2Fv2%2Ftags&post=871"}],"curies":[{"name":"wp","href":"https:\/\/api.w.org\/{rel}","templated":true}]}}