{"id":863,"date":"2011-05-25T15:55:13","date_gmt":"2011-05-25T13:55:13","guid":{"rendered":"https:\/\/iminbokhylla.se\/?p=863"},"modified":"2011-07-27T16:29:20","modified_gmt":"2011-07-27T14:29:20","slug":"ah-denna-ser-jag-fram-emot","status":"publish","type":"post","link":"https:\/\/iminbokhylla.se\/?p=863","title":{"rendered":"\u00c5h, denna ser jag fram emot"},"content":{"rendered":"<p>Ig\u00e5r fick jag hem <a href=\"http:\/\/www.adlibris.com\/se\/product.aspx?isbn=9146220518\">Jag \u00e4lskar dig inte av Christina Stielli<\/a> Den har jag sett fram emot sedan den kom, s\u00e5 ska bli kul att l\u00e4sa. Tack till <a href=\"http:\/\/www.manpocket.se\/\">M\u00e5npocket<\/a> f\u00f6r recensionsexemplaret!<\/p>\n<p><a href=\"http:\/\/www.flickr.com\/photos\/granding\/5755022888\/\" title=\"Stielli by Granding, on Flickr\"><img loading=\"lazy\" src=\"http:\/\/farm4.static.flickr.com\/3606\/5755022888_69f1f3894e.jpg\" width=\"185\" height=\"300\" alt=\"Stielli\"><\/a><\/p>\n","protected":false},"excerpt":{"rendered":"<p>Ig\u00e5r fick jag hem Jag \u00e4lskar dig inte av Christina Stielli Den har jag sett fram emot sedan den kom, s\u00e5 ska bli kul att l\u00e4sa. Tack till M\u00e5npocket f\u00f6r recensionsexemplaret!<\/p>\n","protected":false},"author":1,"featured_media":0,"comment_status":"open","ping_status":"open","sticky":false,"template":"","format":"standard","meta":[],"categories":[4],"tags":[9],"featured_image_src":null,"featured_image_src_square":null,"author_info":{"display_name":"Josefine","author_link":"https:\/\/iminbokhylla.se\/?author=1"},"_links":{"self":[{"href":"https:\/\/iminbokhylla.se\/index.php?rest_route=\/wp\/v2\/posts\/863"}],"collection":[{"href":"https:\/\/iminbokhylla.se\/index.php?rest_route=\/wp\/v2\/posts"}],"about":[{"href":"https:\/\/iminbokhylla.se\/index.php?rest_route=\/wp\/v2\/types\/post"}],"author":[{"embeddable":true,"href":"https:\/\/iminbokhylla.se\/index.php?rest_route=\/wp\/v2\/users\/1"}],"replies":[{"embeddable":true,"href":"https:\/\/iminbokhylla.se\/index.php?rest_route=%2Fwp%2Fv2%2Fcomments&post=863"}],"version-history":[{"count":0,"href":"https:\/\/iminbokhylla.se\/index.php?rest_route=\/wp\/v2\/posts\/863\/revisions"}],"wp:attachment":[{"href":"https:\/\/iminbokhylla.se\/index.php?rest_route=%2Fwp%2Fv2%2Fmedia&parent=863"}],"wp:term":[{"taxonomy":"category","embeddable":true,"href":"https:\/\/iminbokhylla.se\/index.php?rest_route=%2Fwp%2Fv2%2Fcategories&post=863"},{"taxonomy":"post_tag","embeddable":true,"href":"https:\/\/iminbokhylla.se\/index.php?rest_route=%2Fwp%2Fv2%2Ftags&post=863"}],"curies":[{"name":"wp","href":"https:\/\/api.w.org\/{rel}","templated":true}]}}