{"id":81,"date":"2010-10-15T10:42:52","date_gmt":"2010-10-15T08:42:52","guid":{"rendered":"https:\/\/iminbokhylla.se\/?p=81"},"modified":"2011-07-27T16:35:24","modified_gmt":"2011-07-27T14:35:24","slug":"har-bocker-olika-varde","status":"publish","type":"post","link":"https:\/\/iminbokhylla.se\/?p=81","title":{"rendered":"Har b\u00f6cker olika v\u00e4rde?"},"content":{"rendered":"<p>\u00c4r en bok som tagit l\u00e5ng tid att skriva mer v\u00e4rd \u00e4n en bok som gick snabbt att f\u00f6rfatta? \u00c4r en pocketbok mindre v\u00e4rd \u00e4n en inbunden bok? \u00c4r en bok skriven av en prisvinnande f\u00f6rfattare mer v\u00e4rd \u00e4n en bok fr\u00e5n en debutant? \u00c4r memoarer och biografier mer v\u00e4rda \u00e4n chick lit och deckare?<\/p>\n<p>Jag tycker inte det. Jag tycker att alla b\u00f6cker \u00e4r v\u00e4rda n\u00e5got f\u00f6r att de \u00e4r b\u00f6cker. \u00c4ven om jag personligen inte uppskattar spr\u00e5ket, storyn, tempot eller vad det nu kan vara, g\u00f6r s\u00e4kert n\u00e5gon annan l\u00e4sare det. Om inte s\u00e5 f\u00e5r man i alla fall gratulera f\u00f6rfattaren f\u00f6r att ha lyckats med konstycket att ha f\u00e5tt ge ut en bok &#8230;<\/p>\n","protected":false},"excerpt":{"rendered":"<p>\u00c4r en bok som tagit l\u00e5ng tid att skriva mer v\u00e4rd \u00e4n en bok som gick snabbt att f\u00f6rfatta? \u00c4r en pocketbok mindre v\u00e4rd \u00e4n en inbunden bok? \u00c4r en bok skriven av en prisvinnande f\u00f6rfattare mer v\u00e4rd \u00e4n en bok fr\u00e5n en debutant? \u00c4r memoarer och biografier mer v\u00e4rda \u00e4n chick lit och deckare? &hellip; <a href=\"https:\/\/iminbokhylla.se\/?p=81\" class=\"more-link\">Forts\u00e4tt l\u00e4sa<span class=\"screen-reader-text\"> \u201dHar b\u00f6cker olika v\u00e4rde?\u201d<\/span><\/a><\/p>\n","protected":false},"author":1,"featured_media":0,"comment_status":"open","ping_status":"open","sticky":false,"template":"","format":"standard","meta":[],"categories":[4],"tags":[9],"featured_image_src":null,"featured_image_src_square":null,"author_info":{"display_name":"Josefine","author_link":"https:\/\/iminbokhylla.se\/?author=1"},"_links":{"self":[{"href":"https:\/\/iminbokhylla.se\/index.php?rest_route=\/wp\/v2\/posts\/81"}],"collection":[{"href":"https:\/\/iminbokhylla.se\/index.php?rest_route=\/wp\/v2\/posts"}],"about":[{"href":"https:\/\/iminbokhylla.se\/index.php?rest_route=\/wp\/v2\/types\/post"}],"author":[{"embeddable":true,"href":"https:\/\/iminbokhylla.se\/index.php?rest_route=\/wp\/v2\/users\/1"}],"replies":[{"embeddable":true,"href":"https:\/\/iminbokhylla.se\/index.php?rest_route=%2Fwp%2Fv2%2Fcomments&post=81"}],"version-history":[{"count":0,"href":"https:\/\/iminbokhylla.se\/index.php?rest_route=\/wp\/v2\/posts\/81\/revisions"}],"wp:attachment":[{"href":"https:\/\/iminbokhylla.se\/index.php?rest_route=%2Fwp%2Fv2%2Fmedia&parent=81"}],"wp:term":[{"taxonomy":"category","embeddable":true,"href":"https:\/\/iminbokhylla.se\/index.php?rest_route=%2Fwp%2Fv2%2Fcategories&post=81"},{"taxonomy":"post_tag","embeddable":true,"href":"https:\/\/iminbokhylla.se\/index.php?rest_route=%2Fwp%2Fv2%2Ftags&post=81"}],"curies":[{"name":"wp","href":"https:\/\/api.w.org\/{rel}","templated":true}]}}