{"id":776,"date":"2011-05-02T12:37:14","date_gmt":"2011-05-02T10:37:14","guid":{"rendered":"https:\/\/iminbokhylla.se\/?p=776"},"modified":"2011-07-27T16:29:40","modified_gmt":"2011-07-27T14:29:40","slug":"annika-ostberg-fri-och-skriver-bok","status":"publish","type":"post","link":"https:\/\/iminbokhylla.se\/?p=776","title":{"rendered":"Annika \u00d6stberg fri &#8211; och skriver bok"},"content":{"rendered":"<p>Annika \u00d6stberg <a href=\"http:\/\/korta.nu\/3emyq\">sl\u00e4pptes i natt fri<\/a> efter n\u00e4stan 30 \u00e5r i f\u00e4ngelse. 1983 d\u00f6mdes svenskan f\u00f6r dubbelmord i USA. Jag har tidigare l\u00e4st <a href=\"http:\/\/korta.nu\/pedet\">Sorgf\u00e5gel: Annika \u00d6stberg ber\u00e4ttar sitt liv<\/a> av Lena Katarina Swanberg och tycker att Annikas \u00f6de \u00e4r mycket intressant. <\/p>\n<p>Idag \u00e4r hon som sagt frisl\u00e4ppt och hon skriver nu p\u00e5 en egen bok om \u00e5ren i ett amerikanskt f\u00e4ngelse. Den kommer jag definitivt att l\u00e4sa!<\/p>\n","protected":false},"excerpt":{"rendered":"<p>Annika \u00d6stberg sl\u00e4pptes i natt fri efter n\u00e4stan 30 \u00e5r i f\u00e4ngelse. 1983 d\u00f6mdes svenskan f\u00f6r dubbelmord i USA. Jag har tidigare l\u00e4st Sorgf\u00e5gel: Annika \u00d6stberg ber\u00e4ttar sitt liv av Lena Katarina Swanberg och tycker att Annikas \u00f6de \u00e4r mycket intressant. Idag \u00e4r hon som sagt frisl\u00e4ppt och hon skriver nu p\u00e5 en egen bok &hellip; <a href=\"https:\/\/iminbokhylla.se\/?p=776\" class=\"more-link\">Forts\u00e4tt l\u00e4sa<span class=\"screen-reader-text\"> \u201dAnnika \u00d6stberg fri &#8211; och skriver bok\u201d<\/span><\/a><\/p>\n","protected":false},"author":1,"featured_media":0,"comment_status":"open","ping_status":"open","sticky":false,"template":"","format":"standard","meta":[],"categories":[4],"tags":[9],"featured_image_src":null,"featured_image_src_square":null,"author_info":{"display_name":"Josefine","author_link":"https:\/\/iminbokhylla.se\/?author=1"},"_links":{"self":[{"href":"https:\/\/iminbokhylla.se\/index.php?rest_route=\/wp\/v2\/posts\/776"}],"collection":[{"href":"https:\/\/iminbokhylla.se\/index.php?rest_route=\/wp\/v2\/posts"}],"about":[{"href":"https:\/\/iminbokhylla.se\/index.php?rest_route=\/wp\/v2\/types\/post"}],"author":[{"embeddable":true,"href":"https:\/\/iminbokhylla.se\/index.php?rest_route=\/wp\/v2\/users\/1"}],"replies":[{"embeddable":true,"href":"https:\/\/iminbokhylla.se\/index.php?rest_route=%2Fwp%2Fv2%2Fcomments&post=776"}],"version-history":[{"count":0,"href":"https:\/\/iminbokhylla.se\/index.php?rest_route=\/wp\/v2\/posts\/776\/revisions"}],"wp:attachment":[{"href":"https:\/\/iminbokhylla.se\/index.php?rest_route=%2Fwp%2Fv2%2Fmedia&parent=776"}],"wp:term":[{"taxonomy":"category","embeddable":true,"href":"https:\/\/iminbokhylla.se\/index.php?rest_route=%2Fwp%2Fv2%2Fcategories&post=776"},{"taxonomy":"post_tag","embeddable":true,"href":"https:\/\/iminbokhylla.se\/index.php?rest_route=%2Fwp%2Fv2%2Ftags&post=776"}],"curies":[{"name":"wp","href":"https:\/\/api.w.org\/{rel}","templated":true}]}}