{"id":750,"date":"2011-05-04T12:50:31","date_gmt":"2011-05-04T10:50:31","guid":{"rendered":"https:\/\/iminbokhylla.se\/?p=750"},"modified":"2011-07-27T16:29:39","modified_gmt":"2011-07-27T14:29:39","slug":"en-magisk-plats","status":"publish","type":"post","link":"https:\/\/iminbokhylla.se\/?p=750","title":{"rendered":"En magisk plats"},"content":{"rendered":"<p>H\u00e4romdagen bes\u00f6kte jag biblioteket.<a href=\"https:\/\/iminbokhylla.se\/2010\/10\/22\/biblioteken-och-jag\/\"> Jag har ju varit stamkund d\u00e4r,<\/a> men det var m\u00e5nga \u00e5r sedan. Nu var jag d\u00e4r f\u00f6r jobbets v\u00e4gnar, men passade p\u00e5 att skaffa ett bibliotekskort och g\u00e5 in i lokalen. <\/p>\n<p>\u00c5hh, vilken magisk plats! Lukten, lugnet, intresset som lyser om alla som \u00e4r d\u00e4r, tystnaden, b\u00f6ckerna. Nu t\u00e4nker jag verkligen se till att g\u00e5 dit oftare!<\/p>\n<p><a href=\"http:\/\/www.flickr.com\/photos\/granding\/5657362632\/\" title=\"En tur till biblioteket by Granding, on Flickr\"><img loading=\"lazy\" src=\"http:\/\/farm6.static.flickr.com\/5305\/5657362632_2aafdb9aa5.jpg\" width=\"500\" height=\"500\" alt=\"En tur till biblioteket\"><\/a><\/p>\n","protected":false},"excerpt":{"rendered":"<p>H\u00e4romdagen bes\u00f6kte jag biblioteket. Jag har ju varit stamkund d\u00e4r, men det var m\u00e5nga \u00e5r sedan. Nu var jag d\u00e4r f\u00f6r jobbets v\u00e4gnar, men passade p\u00e5 att skaffa ett bibliotekskort och g\u00e5 in i lokalen. \u00c5hh, vilken magisk plats! Lukten, lugnet, intresset som lyser om alla som \u00e4r d\u00e4r, tystnaden, b\u00f6ckerna. Nu t\u00e4nker jag verkligen &hellip; <a href=\"https:\/\/iminbokhylla.se\/?p=750\" class=\"more-link\">Forts\u00e4tt l\u00e4sa<span class=\"screen-reader-text\"> \u201dEn magisk plats\u201d<\/span><\/a><\/p>\n","protected":false},"author":1,"featured_media":0,"comment_status":"open","ping_status":"open","sticky":false,"template":"","format":"standard","meta":[],"categories":[4],"tags":[9],"featured_image_src":null,"featured_image_src_square":null,"author_info":{"display_name":"Josefine","author_link":"https:\/\/iminbokhylla.se\/?author=1"},"_links":{"self":[{"href":"https:\/\/iminbokhylla.se\/index.php?rest_route=\/wp\/v2\/posts\/750"}],"collection":[{"href":"https:\/\/iminbokhylla.se\/index.php?rest_route=\/wp\/v2\/posts"}],"about":[{"href":"https:\/\/iminbokhylla.se\/index.php?rest_route=\/wp\/v2\/types\/post"}],"author":[{"embeddable":true,"href":"https:\/\/iminbokhylla.se\/index.php?rest_route=\/wp\/v2\/users\/1"}],"replies":[{"embeddable":true,"href":"https:\/\/iminbokhylla.se\/index.php?rest_route=%2Fwp%2Fv2%2Fcomments&post=750"}],"version-history":[{"count":0,"href":"https:\/\/iminbokhylla.se\/index.php?rest_route=\/wp\/v2\/posts\/750\/revisions"}],"wp:attachment":[{"href":"https:\/\/iminbokhylla.se\/index.php?rest_route=%2Fwp%2Fv2%2Fmedia&parent=750"}],"wp:term":[{"taxonomy":"category","embeddable":true,"href":"https:\/\/iminbokhylla.se\/index.php?rest_route=%2Fwp%2Fv2%2Fcategories&post=750"},{"taxonomy":"post_tag","embeddable":true,"href":"https:\/\/iminbokhylla.se\/index.php?rest_route=%2Fwp%2Fv2%2Ftags&post=750"}],"curies":[{"name":"wp","href":"https:\/\/api.w.org\/{rel}","templated":true}]}}