{"id":743,"date":"2011-05-10T11:02:00","date_gmt":"2011-05-10T09:02:00","guid":{"rendered":"https:\/\/iminbokhylla.se\/?p=743"},"modified":"2011-07-27T16:29:39","modified_gmt":"2011-07-27T14:29:39","slug":"var-glad-lotta","status":"publish","type":"post","link":"https:\/\/iminbokhylla.se\/?p=743","title":{"rendered":"Var glad, Lotta!: Nu h\u00e4nder det"},"content":{"rendered":"<p><strong>Bok:<\/strong> Var glad, Lotta!<br \/>\n<strong>F\u00f6rfattare<\/strong>: Merri Vik (Ester Ringn\u00e9r-Lundgren)<br \/>\n<strong>F\u00f6rlag<\/strong>: B. Wahlstr\u00f6ms f\u00f6rlag<br \/>\n<strong>Sajt<\/strong>: <a href=\"http:\/\/sv.wikipedia.org\/wiki\/Ester_Ringn%C3%A9r-Lundgren\">Wikipedia om f\u00f6rfattaren<\/a><\/p>\n<p>Det \u00e4r f\u00f6rsta dagen p\u00e5 h\u00f6stterminen. Som s\u00e5 m\u00e5nga g\u00e5nger f\u00f6rr ska Lotta ta nya tag och l\u00e4gga allt fokus p\u00e5 skolan. Hon s\u00e4ger till och med nej till Micks f\u00f6rslag om att g\u00f6ra en tidning, men s\u00e4tter sig sj\u00e4lv i f\u00e4llan n\u00e4r hon tar ett foto av Lockige Fridolf p\u00e5 en lektion och f\u00e5r hitta p\u00e5 att det \u00e4r till tidningen (att det \u00e4r Vio som vill ha ett p\u00e5 sin l\u00e4raridol v\u00e5gar hon inte s\u00e4ga). <\/p>\n<p>En kv\u00e4ll n\u00e4r Lotta hamnat p\u00e5 en gitarrtillst\u00e4llning ringer Paul f\u00f6r att ta med henne p\u00e5 bio. Det visar sig senare att Viveka gick med ist\u00e4llet, n\u00e5got hon noga p\u00e5pekar f\u00f6r Lotta. Men f\u00f6r f\u00f6rsta g\u00e5ngen svarar Lotta ordentligt, och l\u00e5ter Viveka veta att hon endast fick g\u00e5 eftersom Pauls f\u00f6rstahandsval Lotta inte var hemma. Triangeldramat mellan Paul, VIveka och Lotta forts\u00e4tter, men pl\u00f6tsligt erk\u00e4nner Paul att han \u00e4r k\u00e4r i Lotta!<\/p>\n<p><a href=\"http:\/\/www.flickr.com\/photos\/granding\/5390169004\/\" title=\"20 by Granding, on Flickr\"><img loading=\"lazy\" src=\"http:\/\/farm6.static.flickr.com\/5135\/5390169004_2daf8d9e90.jpg\" width=\"226\" height=\"344\" alt=\"20\"><\/a><\/p>\n<p><strong>Betyg:<\/strong><br \/>\n Lotta s\u00e4ger ifr\u00e5n till Viveka och Paul ber\u00e4ttar att han \u00e4r k\u00e4r i Lotta. I rest my case. \ud83d\ude42<\/p>\n<p><img loading=\"lazy\" src=\"https:\/\/iminbokhylla.se\/betyg_4.png\" width=\"472\" height=\"99\" alt=\"betyg\" \/><\/p>\n","protected":false},"excerpt":{"rendered":"<p>Bok: Var glad, Lotta! F\u00f6rfattare: Merri Vik (Ester Ringn\u00e9r-Lundgren) F\u00f6rlag: B. Wahlstr\u00f6ms f\u00f6rlag Sajt: Wikipedia om f\u00f6rfattaren Det \u00e4r f\u00f6rsta dagen p\u00e5 h\u00f6stterminen. Som s\u00e5 m\u00e5nga g\u00e5nger f\u00f6rr ska Lotta ta nya tag och l\u00e4gga allt fokus p\u00e5 skolan. Hon s\u00e4ger till och med nej till Micks f\u00f6rslag om att g\u00f6ra en tidning, men s\u00e4tter &hellip; <a href=\"https:\/\/iminbokhylla.se\/?p=743\" class=\"more-link\">Forts\u00e4tt l\u00e4sa<span class=\"screen-reader-text\"> \u201dVar glad, Lotta!: Nu h\u00e4nder det\u201d<\/span><\/a><\/p>\n","protected":false},"author":1,"featured_media":0,"comment_status":"open","ping_status":"open","sticky":false,"template":"","format":"standard","meta":[],"categories":[3],"tags":[9],"featured_image_src":null,"featured_image_src_square":null,"author_info":{"display_name":"Josefine","author_link":"https:\/\/iminbokhylla.se\/?author=1"},"_links":{"self":[{"href":"https:\/\/iminbokhylla.se\/index.php?rest_route=\/wp\/v2\/posts\/743"}],"collection":[{"href":"https:\/\/iminbokhylla.se\/index.php?rest_route=\/wp\/v2\/posts"}],"about":[{"href":"https:\/\/iminbokhylla.se\/index.php?rest_route=\/wp\/v2\/types\/post"}],"author":[{"embeddable":true,"href":"https:\/\/iminbokhylla.se\/index.php?rest_route=\/wp\/v2\/users\/1"}],"replies":[{"embeddable":true,"href":"https:\/\/iminbokhylla.se\/index.php?rest_route=%2Fwp%2Fv2%2Fcomments&post=743"}],"version-history":[{"count":0,"href":"https:\/\/iminbokhylla.se\/index.php?rest_route=\/wp\/v2\/posts\/743\/revisions"}],"wp:attachment":[{"href":"https:\/\/iminbokhylla.se\/index.php?rest_route=%2Fwp%2Fv2%2Fmedia&parent=743"}],"wp:term":[{"taxonomy":"category","embeddable":true,"href":"https:\/\/iminbokhylla.se\/index.php?rest_route=%2Fwp%2Fv2%2Fcategories&post=743"},{"taxonomy":"post_tag","embeddable":true,"href":"https:\/\/iminbokhylla.se\/index.php?rest_route=%2Fwp%2Fv2%2Ftags&post=743"}],"curies":[{"name":"wp","href":"https:\/\/api.w.org\/{rel}","templated":true}]}}