{"id":740,"date":"2011-05-03T14:49:50","date_gmt":"2011-05-03T12:49:50","guid":{"rendered":"https:\/\/iminbokhylla.se\/?p=740"},"modified":"2011-07-27T16:29:40","modified_gmt":"2011-07-27T14:29:40","slug":"lotta-i-topp-lotta-reser-till-wien","status":"publish","type":"post","link":"https:\/\/iminbokhylla.se\/?p=740","title":{"rendered":"Lotta i topp: Lotta reser till Wien"},"content":{"rendered":"<p><strong>Bok:<\/strong> Lotta i topp<br \/>\n<strong>F\u00f6rfattare<\/strong>: Merri Vik (Ester Ringn\u00e9r-Lundgren)<br \/>\n<strong>F\u00f6rlag<\/strong>: B. Wahlstr\u00f6ms f\u00f6rlag<br \/>\n<strong>Sajt<\/strong>: <a href=\"http:\/\/sv.wikipedia.org\/wiki\/Ester_Ringn%C3%A9r-Lundgren\">Wikipedia om f\u00f6rfattaren<\/a><\/p>\n<p>Nu \u00e5ker Lotta till Wien! Hon \u00e4r mycket uppspelt eftersom den enda resa hon gjort hittills var till <a href=\"https:\/\/iminbokhylla.se\/2011\/03\/15\/rena-snurren-lotta-sommarlov-kopenhamn-och-passjakt\/\">K\u00f6penhamn<\/a>. Bakgrunden \u00e4r att hennes pappa ska p\u00e5 jobbresa, och Lotta och hennes mamma f\u00e5r f\u00f6lja med. I Wien bor v\u00e4nner till familjen, som har en dotter i Lottas \u00e5lder. Mot alla odds funkar Lotta och Vio bra ihop, och resan blir mycket bra. Sj\u00e4lvklart st\u00f6ter de p\u00e5 Lockige Fridolf, som blir s\u00e5 glad n\u00e4r Lotta \u00e5ker hem till Sverige igen att han vinkar av henne p\u00e5 t\u00e5gstationen i Wien. <\/p>\n<p><a href=\"http:\/\/www.flickr.com\/photos\/granding\/5389563321\/\" title=\"19 by Granding, on Flickr\"><img loading=\"lazy\" src=\"http:\/\/farm6.static.flickr.com\/5018\/5389563321_df616b8847.jpg\" width=\"217\" height=\"345\" alt=\"19\"><\/a><\/p>\n<p><strong>Betyg:<\/strong><br \/>\nHela boken utspelar sig mer eller mindre i Wien, och det \u00e4r kul att f\u00e5 uppleva staden genom hennes \u00f6gon. Det \u00e4r ocks\u00e5 roligt att f\u00e5 tr\u00e4ffa lite nya karakt\u00e4rer och f\u00e5 se mer av Lottas f\u00f6r\u00e4ldrar. <\/p>\n<p><img loading=\"lazy\" src=\"https:\/\/iminbokhylla.se\/betyg_4.png\" width=\"472\" height=\"99\" alt=\"betyg\" \/><\/p>\n","protected":false},"excerpt":{"rendered":"<p>Bok: Lotta i topp F\u00f6rfattare: Merri Vik (Ester Ringn\u00e9r-Lundgren) F\u00f6rlag: B. Wahlstr\u00f6ms f\u00f6rlag Sajt: Wikipedia om f\u00f6rfattaren Nu \u00e5ker Lotta till Wien! Hon \u00e4r mycket uppspelt eftersom den enda resa hon gjort hittills var till K\u00f6penhamn. Bakgrunden \u00e4r att hennes pappa ska p\u00e5 jobbresa, och Lotta och hennes mamma f\u00e5r f\u00f6lja med. I Wien bor &hellip; <a href=\"https:\/\/iminbokhylla.se\/?p=740\" class=\"more-link\">Forts\u00e4tt l\u00e4sa<span class=\"screen-reader-text\"> \u201dLotta i topp: Lotta reser till Wien\u201d<\/span><\/a><\/p>\n","protected":false},"author":1,"featured_media":0,"comment_status":"open","ping_status":"open","sticky":false,"template":"","format":"standard","meta":[],"categories":[3],"tags":[9],"featured_image_src":null,"featured_image_src_square":null,"author_info":{"display_name":"Josefine","author_link":"https:\/\/iminbokhylla.se\/?author=1"},"_links":{"self":[{"href":"https:\/\/iminbokhylla.se\/index.php?rest_route=\/wp\/v2\/posts\/740"}],"collection":[{"href":"https:\/\/iminbokhylla.se\/index.php?rest_route=\/wp\/v2\/posts"}],"about":[{"href":"https:\/\/iminbokhylla.se\/index.php?rest_route=\/wp\/v2\/types\/post"}],"author":[{"embeddable":true,"href":"https:\/\/iminbokhylla.se\/index.php?rest_route=\/wp\/v2\/users\/1"}],"replies":[{"embeddable":true,"href":"https:\/\/iminbokhylla.se\/index.php?rest_route=%2Fwp%2Fv2%2Fcomments&post=740"}],"version-history":[{"count":0,"href":"https:\/\/iminbokhylla.se\/index.php?rest_route=\/wp\/v2\/posts\/740\/revisions"}],"wp:attachment":[{"href":"https:\/\/iminbokhylla.se\/index.php?rest_route=%2Fwp%2Fv2%2Fmedia&parent=740"}],"wp:term":[{"taxonomy":"category","embeddable":true,"href":"https:\/\/iminbokhylla.se\/index.php?rest_route=%2Fwp%2Fv2%2Fcategories&post=740"},{"taxonomy":"post_tag","embeddable":true,"href":"https:\/\/iminbokhylla.se\/index.php?rest_route=%2Fwp%2Fv2%2Ftags&post=740"}],"curies":[{"name":"wp","href":"https:\/\/api.w.org\/{rel}","templated":true}]}}