{"id":734,"date":"2011-04-29T13:28:38","date_gmt":"2011-04-29T11:28:38","guid":{"rendered":"https:\/\/iminbokhylla.se\/?p=734"},"modified":"2011-07-27T16:29:40","modified_gmt":"2011-07-27T14:29:40","slug":"hall-masken-lotta-paul-uttrycker-antligen-kanslor-for-lotta","status":"publish","type":"post","link":"https:\/\/iminbokhylla.se\/?p=734","title":{"rendered":"H\u00e5ll masken, Lotta!: Paul uttrycker \u00e4ntligen k\u00e4nslor f\u00f6r Lotta"},"content":{"rendered":"<p><strong>Bok:<\/strong> H\u00e5ll masken, Lotta!<br \/>\n<strong>F\u00f6rfattare<\/strong>: Merri Vik (Ester Ringn\u00e9r-Lundgren)<br \/>\n<strong>F\u00f6rlag<\/strong>: B. Wahlstr\u00f6ms f\u00f6rlag<br \/>\n<strong>Sajt<\/strong>: <a href=\"http:\/\/sv.wikipedia.org\/wiki\/Ester_Ringn%C3%A9r-Lundgren\">Wikipedia om f\u00f6rfattaren<\/a><\/p>\n<p>Det \u00e4r fortfarande sommarlov och Lotta och hennes mamma \u00e4r ensamma p\u00e5 landet. N\u00e4r det regnar fyra dagar i str\u00e4ck st\u00e4dar de fr\u00e5n grunden och hittar gamla utkl\u00e4dningskl\u00e4der, bland annat kl\u00e4der som Lottas pappa haft n\u00e4r han varit utkl\u00e4dd till Farbror Bl\u00e5. Det \u00e4r Giggis namnsdag s\u00e5 Lotta best\u00e4mmer sig f\u00f6r att \u00e5ka och \u00f6verraska henne. <\/p>\n<p>Ikl\u00e4dd &#8221;gubbkl\u00e4der&#8221; tar sig Lotta hem till Giggi, som inte \u00e4r hemma. P\u00e5 sm\u00e5v\u00e4gar smyger Lotta hem igen, bara f\u00f6r att inse att hon gl\u00f6mt sina nycklar och \u00e4r utel\u00e5st. Man kan ju tycka att hon kunde ta av sig sk\u00e4gget och rocken, l\u00e4gga i en h\u00f6g och sen promenera ut p\u00e5 stan. Men nej, eftersom det kan skr\u00e4mma familjen (va?!) s\u00e5 forts\u00e4tter hon vara kl\u00e4dd som gubbe. <\/p>\n<p>Detta leder f\u00f6rst\u00e5s till ett g\u00e4ng f\u00f6rv\u00e4xlingar, med b\u00e5de Lockige Fridolf, Viveka, Lenni och Paul. Men Paul uttrycker f\u00f6r f\u00f6rsta g\u00e5ngen, i ord,  k\u00e4nslor f\u00f6r Lotta, om \u00e4n p\u00e5 ett ganska k\u00e4rvt s\u00e4tt. <\/p>\n<p><a href=\"http:\/\/www.flickr.com\/photos\/granding\/5390166914\/\" title=\"18 by Granding, on Flickr\"><img loading=\"lazy\" src=\"http:\/\/farm6.static.flickr.com\/5019\/5390166914_4ddda3271c.jpg\" width=\"219\" height=\"345\" alt=\"18\"><\/a><\/p>\n<p><strong>Betyg:<\/strong><br \/>\nN\u00e4r jag ser omslaget k\u00e4nner jag spontant &#8221;nej, inte den boken&#8221;. N\u00e4r jag l\u00e4ser f\u00f6rst\u00e5r jag inte riktigt min ovilja. Jag blir irriterad p\u00e5 Lottas idioti om att inte ta av sig sk\u00e4gget och rocken, men boken \u00e4r bra. Och n\u00e4r Paul \u00e4ntligen visar lite k\u00e4nslor sl\u00e5r mitt Lotta-och-Paul-hj\u00e4rta volter. <\/p>\n<p><img loading=\"lazy\" src=\"https:\/\/iminbokhylla.se\/betyg_4.png\" width=\"472\" height=\"99\" alt=\"betyg\" \/><\/p>\n","protected":false},"excerpt":{"rendered":"<p>Bok: H\u00e5ll masken, Lotta! F\u00f6rfattare: Merri Vik (Ester Ringn\u00e9r-Lundgren) F\u00f6rlag: B. Wahlstr\u00f6ms f\u00f6rlag Sajt: Wikipedia om f\u00f6rfattaren Det \u00e4r fortfarande sommarlov och Lotta och hennes mamma \u00e4r ensamma p\u00e5 landet. N\u00e4r det regnar fyra dagar i str\u00e4ck st\u00e4dar de fr\u00e5n grunden och hittar gamla utkl\u00e4dningskl\u00e4der, bland annat kl\u00e4der som Lottas pappa haft n\u00e4r han varit &hellip; <a href=\"https:\/\/iminbokhylla.se\/?p=734\" class=\"more-link\">Forts\u00e4tt l\u00e4sa<span class=\"screen-reader-text\"> \u201dH\u00e5ll masken, Lotta!: Paul uttrycker \u00e4ntligen k\u00e4nslor f\u00f6r Lotta\u201d<\/span><\/a><\/p>\n","protected":false},"author":1,"featured_media":0,"comment_status":"open","ping_status":"open","sticky":false,"template":"","format":"standard","meta":[],"categories":[3],"tags":[9],"featured_image_src":null,"featured_image_src_square":null,"author_info":{"display_name":"Josefine","author_link":"https:\/\/iminbokhylla.se\/?author=1"},"_links":{"self":[{"href":"https:\/\/iminbokhylla.se\/index.php?rest_route=\/wp\/v2\/posts\/734"}],"collection":[{"href":"https:\/\/iminbokhylla.se\/index.php?rest_route=\/wp\/v2\/posts"}],"about":[{"href":"https:\/\/iminbokhylla.se\/index.php?rest_route=\/wp\/v2\/types\/post"}],"author":[{"embeddable":true,"href":"https:\/\/iminbokhylla.se\/index.php?rest_route=\/wp\/v2\/users\/1"}],"replies":[{"embeddable":true,"href":"https:\/\/iminbokhylla.se\/index.php?rest_route=%2Fwp%2Fv2%2Fcomments&post=734"}],"version-history":[{"count":0,"href":"https:\/\/iminbokhylla.se\/index.php?rest_route=\/wp\/v2\/posts\/734\/revisions"}],"wp:attachment":[{"href":"https:\/\/iminbokhylla.se\/index.php?rest_route=%2Fwp%2Fv2%2Fmedia&parent=734"}],"wp:term":[{"taxonomy":"category","embeddable":true,"href":"https:\/\/iminbokhylla.se\/index.php?rest_route=%2Fwp%2Fv2%2Fcategories&post=734"},{"taxonomy":"post_tag","embeddable":true,"href":"https:\/\/iminbokhylla.se\/index.php?rest_route=%2Fwp%2Fv2%2Ftags&post=734"}],"curies":[{"name":"wp","href":"https:\/\/api.w.org\/{rel}","templated":true}]}}