{"id":716,"date":"2011-06-03T15:05:29","date_gmt":"2011-06-03T13:05:29","guid":{"rendered":"https:\/\/iminbokhylla.se\/?p=716"},"modified":"2011-07-27T16:29:19","modified_gmt":"2011-07-27T14:29:19","slug":"i-sjal-och-hjarta-inte-en-av-maeve-binchys-basta","status":"publish","type":"post","link":"https:\/\/iminbokhylla.se\/?p=716","title":{"rendered":"I sj\u00e4l och hj\u00e4rta: inte en av Maeve Binchys b\u00e4sta"},"content":{"rendered":"<p><strong>Bok:<\/strong> I sj\u00e4l och hj\u00e4rta<br \/>\n<strong>F\u00f6rfattare<\/strong>: Maeve Binchy<br \/>\n<strong>F\u00f6rlag<\/strong>: Norstedts<br \/>\n<strong>Sajt<\/strong>: <a href=\"http:\/\/www.maevebinchy.com\">MaeveBinchy.com<\/a><\/p>\n<p>I sj\u00e4l och hj\u00e4rta utspelar sig i Dublin. Handlingen kretsar kring en annorlunda hj\u00e4rtklinik och vi f\u00e5r f\u00f6lja b\u00e5de l\u00e4kare, personal, patienter och anh\u00f6riga. <\/p>\n<p>En kvinlig kardiolog g\u00e5r miste om dr\u00f6mjobbet och f\u00e5r ist\u00e4llet i uppdrag att hj\u00e4lpa en ny hj\u00e4rtklinik p\u00e5 f\u00f6tter. Ett otacksamt arbete d\u00e5 sjukhuset kliniken h\u00f6r till g\u00f6r allt f\u00f6r att motarbeta henne. Samtidigt ber hennes man om skilsm\u00e4ssa och de vuxna d\u00f6ttrarna kr\u00e5nglar. En sjukhusassistent \u00e4r ny i Dublin och vi f\u00e5r f\u00f6lja hennes historia bak\u00e5t f\u00f6r att ta reda p\u00e5 vad som drev henne fr\u00e5n Polen. En pr\u00e4st blir anklagad f\u00f6r sexuella trakasserier och f\u00e5r hj\u00e4lp f\u00f6r att f\u00f6rs\u00f6ka rentv\u00e5 sig. En man f\u00e5r en hj\u00e4rtattack och beh\u00f6ver att l\u00e4gga om sitt liv. Och s\u00e5 vidare.<\/p>\n<p><a href=\"http:\/\/www.flickr.com\/photos\/granding\/5793040232\/\" title=\"I sj\u00e4l och hj\u00e4rta by Granding, on Flickr\"><img loading=\"lazy\" src=\"http:\/\/farm3.static.flickr.com\/2790\/5793040232_b4283f2a06.jpg\" width=\"200\" height=\"285\" alt=\"I sj\u00e4l och hj\u00e4rta\"><\/a><\/p>\n<p><strong>Betyg:<\/strong><br \/>\nOch s\u00e5 vidare, ja. I sj\u00e4l och hj\u00e4rta inneh\u00e5ller v\u00e4ldigt m\u00e5nga olika storys. Jag brukar gilla s\u00e5nt, och jag brukar gilla Maeve Binchy, men i den h\u00e4r boken \u00e4r det f\u00f6r mycket. Varje historia \u00e4r intressant men det blir f\u00f6r mycket, f\u00f6r r\u00f6rigt. <\/p>\n<p><img loading=\"lazy\" src=\"https:\/\/iminbokhylla.se\/betyg_3.png\" width=\"472\" height=\"99\" alt=\"betyg\" \/><\/p>\n","protected":false},"excerpt":{"rendered":"<p>Bok: I sj\u00e4l och hj\u00e4rta F\u00f6rfattare: Maeve Binchy F\u00f6rlag: Norstedts Sajt: MaeveBinchy.com I sj\u00e4l och hj\u00e4rta utspelar sig i Dublin. Handlingen kretsar kring en annorlunda hj\u00e4rtklinik och vi f\u00e5r f\u00f6lja b\u00e5de l\u00e4kare, personal, patienter och anh\u00f6riga. En kvinlig kardiolog g\u00e5r miste om dr\u00f6mjobbet och f\u00e5r ist\u00e4llet i uppdrag att hj\u00e4lpa en ny hj\u00e4rtklinik p\u00e5 f\u00f6tter. &hellip; <a href=\"https:\/\/iminbokhylla.se\/?p=716\" class=\"more-link\">Forts\u00e4tt l\u00e4sa<span class=\"screen-reader-text\"> \u201dI sj\u00e4l och hj\u00e4rta: inte en av Maeve Binchys b\u00e4sta\u201d<\/span><\/a><\/p>\n","protected":false},"author":1,"featured_media":0,"comment_status":"open","ping_status":"open","sticky":false,"template":"","format":"standard","meta":[],"categories":[3],"tags":[9],"featured_image_src":null,"featured_image_src_square":null,"author_info":{"display_name":"Josefine","author_link":"https:\/\/iminbokhylla.se\/?author=1"},"_links":{"self":[{"href":"https:\/\/iminbokhylla.se\/index.php?rest_route=\/wp\/v2\/posts\/716"}],"collection":[{"href":"https:\/\/iminbokhylla.se\/index.php?rest_route=\/wp\/v2\/posts"}],"about":[{"href":"https:\/\/iminbokhylla.se\/index.php?rest_route=\/wp\/v2\/types\/post"}],"author":[{"embeddable":true,"href":"https:\/\/iminbokhylla.se\/index.php?rest_route=\/wp\/v2\/users\/1"}],"replies":[{"embeddable":true,"href":"https:\/\/iminbokhylla.se\/index.php?rest_route=%2Fwp%2Fv2%2Fcomments&post=716"}],"version-history":[{"count":0,"href":"https:\/\/iminbokhylla.se\/index.php?rest_route=\/wp\/v2\/posts\/716\/revisions"}],"wp:attachment":[{"href":"https:\/\/iminbokhylla.se\/index.php?rest_route=%2Fwp%2Fv2%2Fmedia&parent=716"}],"wp:term":[{"taxonomy":"category","embeddable":true,"href":"https:\/\/iminbokhylla.se\/index.php?rest_route=%2Fwp%2Fv2%2Fcategories&post=716"},{"taxonomy":"post_tag","embeddable":true,"href":"https:\/\/iminbokhylla.se\/index.php?rest_route=%2Fwp%2Fv2%2Ftags&post=716"}],"curies":[{"name":"wp","href":"https:\/\/api.w.org\/{rel}","templated":true}]}}