{"id":704,"date":"2011-04-23T16:35:28","date_gmt":"2011-04-23T14:35:28","guid":{"rendered":"https:\/\/iminbokhylla.se\/?p=704"},"modified":"2011-07-27T16:32:22","modified_gmt":"2011-07-27T14:32:22","slug":"allt-gott-ska-komma-dig-till-del-spretig-och-langsam","status":"publish","type":"post","link":"https:\/\/iminbokhylla.se\/?p=704","title":{"rendered":"Allt gott ska komma dig till del: spretig och l\u00e5ngsam"},"content":{"rendered":"<p><strong>Bok:<\/strong> Allt gott ska komma dig till del<br \/>\n<strong>F\u00f6rfattare<\/strong>: Sefi Atta<br \/>\n<strong>F\u00f6rlag<\/strong>: Bokf\u00f6rlaget Tranan<br \/>\n<strong>Sajt<\/strong>: <a href=\"http:\/\/www.sefiatta.com\/\">SefiAtta.com<\/a><\/p>\n<p>Allt gott ska komma dig till del \u00e4r en roman som utspelar sig i Lagos, Nigeria under flera \u00e5rtionden. Vi f\u00e5r f\u00f6lja en kvinnas liv fr\u00e5n barndom tills hon sj\u00e4lv f\u00e5r barn. Hon v\u00e4xer upp med en frikyrklig mamma och en pappa som f\u00f6rs\u00f6ker t\u00e4nka modernt och j\u00e4mst\u00e4llt. Men n\u00e4r det v\u00e4l g\u00e4ller visar sig pappan vara en otrogen skitst\u00f6vel som inte alls gillar att hans dotter blir sj\u00e4lvst\u00e4ndig. <\/p>\n<p><a href=\"http:\/\/www.flickr.com\/photos\/granding\/5628136771\/\" title=\"Allt gott ska komma dig till del by Granding, on Flickr\"><img loading=\"lazy\" src=\"http:\/\/farm6.static.flickr.com\/5062\/5628136771_7b8e37512b.jpg\" width=\"200\" height=\"300\" alt=\"Allt gott ska komma dig till del\"><\/a><\/p>\n<p><strong>Betyg:<\/strong><br \/>\nJag gillar f\u00f6rsta meningen, men kommer inte riktigt in i boken efter den. Boken \u00e4r skriven i ett jagperspektiv och flera g\u00e5nger f\u00e5r jag p\u00e5minna mig sj\u00e4lv om att det \u00e4r en roman. Kanske f\u00f6r att de b\u00f6cker jag brukar l\u00e4sa om Afrika \u00e4r sanna historier? <\/p>\n<p>Jag gillade inte titeln, inte spr\u00e5ket, inte k\u00e4nslan och jag fattar inte tycke f\u00f6r huvudpersonen. Betyget tv\u00e5 f\u00e5r den f\u00f6r att det trots allt \u00e4r intressant att l\u00e4sa mer om Nigeria. <\/p>\n<p><img loading=\"lazy\" src=\"https:\/\/iminbokhylla.se\/betyg_2.png\" width=\"472\" height=\"99\" alt=\"betyg\" \/><\/p>\n","protected":false},"excerpt":{"rendered":"<p>Bok: Allt gott ska komma dig till del F\u00f6rfattare: Sefi Atta F\u00f6rlag: Bokf\u00f6rlaget Tranan Sajt: SefiAtta.com Allt gott ska komma dig till del \u00e4r en roman som utspelar sig i Lagos, Nigeria under flera \u00e5rtionden. Vi f\u00e5r f\u00f6lja en kvinnas liv fr\u00e5n barndom tills hon sj\u00e4lv f\u00e5r barn. Hon v\u00e4xer upp med en frikyrklig mamma &hellip; <a href=\"https:\/\/iminbokhylla.se\/?p=704\" class=\"more-link\">Forts\u00e4tt l\u00e4sa<span class=\"screen-reader-text\"> \u201dAllt gott ska komma dig till del: spretig och l\u00e5ngsam\u201d<\/span><\/a><\/p>\n","protected":false},"author":1,"featured_media":0,"comment_status":"open","ping_status":"open","sticky":false,"template":"","format":"standard","meta":[],"categories":[3],"tags":[9],"featured_image_src":null,"featured_image_src_square":null,"author_info":{"display_name":"Josefine","author_link":"https:\/\/iminbokhylla.se\/?author=1"},"_links":{"self":[{"href":"https:\/\/iminbokhylla.se\/index.php?rest_route=\/wp\/v2\/posts\/704"}],"collection":[{"href":"https:\/\/iminbokhylla.se\/index.php?rest_route=\/wp\/v2\/posts"}],"about":[{"href":"https:\/\/iminbokhylla.se\/index.php?rest_route=\/wp\/v2\/types\/post"}],"author":[{"embeddable":true,"href":"https:\/\/iminbokhylla.se\/index.php?rest_route=\/wp\/v2\/users\/1"}],"replies":[{"embeddable":true,"href":"https:\/\/iminbokhylla.se\/index.php?rest_route=%2Fwp%2Fv2%2Fcomments&post=704"}],"version-history":[{"count":0,"href":"https:\/\/iminbokhylla.se\/index.php?rest_route=\/wp\/v2\/posts\/704\/revisions"}],"wp:attachment":[{"href":"https:\/\/iminbokhylla.se\/index.php?rest_route=%2Fwp%2Fv2%2Fmedia&parent=704"}],"wp:term":[{"taxonomy":"category","embeddable":true,"href":"https:\/\/iminbokhylla.se\/index.php?rest_route=%2Fwp%2Fv2%2Fcategories&post=704"},{"taxonomy":"post_tag","embeddable":true,"href":"https:\/\/iminbokhylla.se\/index.php?rest_route=%2Fwp%2Fv2%2Ftags&post=704"}],"curies":[{"name":"wp","href":"https:\/\/api.w.org\/{rel}","templated":true}]}}