{"id":632,"date":"2011-04-13T17:46:04","date_gmt":"2011-04-13T15:46:04","guid":{"rendered":"https:\/\/iminbokhylla.se\/?p=632"},"modified":"2011-07-27T16:32:23","modified_gmt":"2011-07-27T14:32:23","slug":"bonnierveteranen-skriver-roman-om-bonniers","status":"publish","type":"post","link":"https:\/\/iminbokhylla.se\/?p=632","title":{"rendered":"Bonnierveteranen skriver roman om Bonniers"},"content":{"rendered":"<p>Bj\u00f6rn Ving\u00e5rd (som jag \u00e4r bekant med privat) \u00e4r en riktig tidningsveteran. Han har bland annat varit chefredakt\u00f6r f\u00f6r Damernas v\u00e4rld, Resum\u00e9, Allt i hemmet, Sk\u00f6na hem, Allt om mat, \u00c5ret runt och Vi i villa. Nu har han skrivit sin f\u00f6rsta bok. <\/p>\n<p>Dr\u00f6mfabriken &#8211; bakom kulisserna beskrivs som en roman om Bonniers, men som Bj\u00f6rn sa p\u00e5 <a href=\"https:\/\/iminbokhylla.se\/2011\/04\/07\/vin-chips-och-forfattare\/\">presstr\u00e4ffen<\/a>, han har inte hittat p\u00e5 mer \u00e4n n\u00f6dv\u00e4ndigt. D\u00e4remot har han uppfunnit en karakt\u00e4r, Astolf Erixson s\u00e5 han skriver inte sj\u00e4lvbiografiskt. Det \u00e4r 60-tal och mediebranschen f\u00f6r\u00e4ndrades fr\u00e5n mossig till het. Astolf f\u00e5r jobb inom Bonniers och blir fast. <\/p>\n<p><em>Dr\u00f6mfabriken &#8211; bakom kulisserna av Bj\u00f6rn Ving\u00e5rd kommer ut den 31 augusti  2011. <\/em><\/p>\n<p>Jag \u00e4r som sagt bekant med Bj\u00f6rn, och jag har jobbat inom Bonnierkoncernen, s\u00e5 jag ser verkligen fram emot att f\u00e5 l\u00e4sa den h\u00e4r!<\/p>\n","protected":false},"excerpt":{"rendered":"<p>Bj\u00f6rn Ving\u00e5rd (som jag \u00e4r bekant med privat) \u00e4r en riktig tidningsveteran. Han har bland annat varit chefredakt\u00f6r f\u00f6r Damernas v\u00e4rld, Resum\u00e9, Allt i hemmet, Sk\u00f6na hem, Allt om mat, \u00c5ret runt och Vi i villa. Nu har han skrivit sin f\u00f6rsta bok. Dr\u00f6mfabriken &#8211; bakom kulisserna beskrivs som en roman om Bonniers, men som &hellip; <a href=\"https:\/\/iminbokhylla.se\/?p=632\" class=\"more-link\">Forts\u00e4tt l\u00e4sa<span class=\"screen-reader-text\"> \u201dBonnierveteranen skriver roman om Bonniers\u201d<\/span><\/a><\/p>\n","protected":false},"author":1,"featured_media":0,"comment_status":"open","ping_status":"open","sticky":false,"template":"","format":"standard","meta":[],"categories":[4],"tags":[9],"featured_image_src":null,"featured_image_src_square":null,"author_info":{"display_name":"Josefine","author_link":"https:\/\/iminbokhylla.se\/?author=1"},"_links":{"self":[{"href":"https:\/\/iminbokhylla.se\/index.php?rest_route=\/wp\/v2\/posts\/632"}],"collection":[{"href":"https:\/\/iminbokhylla.se\/index.php?rest_route=\/wp\/v2\/posts"}],"about":[{"href":"https:\/\/iminbokhylla.se\/index.php?rest_route=\/wp\/v2\/types\/post"}],"author":[{"embeddable":true,"href":"https:\/\/iminbokhylla.se\/index.php?rest_route=\/wp\/v2\/users\/1"}],"replies":[{"embeddable":true,"href":"https:\/\/iminbokhylla.se\/index.php?rest_route=%2Fwp%2Fv2%2Fcomments&post=632"}],"version-history":[{"count":0,"href":"https:\/\/iminbokhylla.se\/index.php?rest_route=\/wp\/v2\/posts\/632\/revisions"}],"wp:attachment":[{"href":"https:\/\/iminbokhylla.se\/index.php?rest_route=%2Fwp%2Fv2%2Fmedia&parent=632"}],"wp:term":[{"taxonomy":"category","embeddable":true,"href":"https:\/\/iminbokhylla.se\/index.php?rest_route=%2Fwp%2Fv2%2Fcategories&post=632"},{"taxonomy":"post_tag","embeddable":true,"href":"https:\/\/iminbokhylla.se\/index.php?rest_route=%2Fwp%2Fv2%2Ftags&post=632"}],"curies":[{"name":"wp","href":"https:\/\/api.w.org\/{rel}","templated":true}]}}