{"id":627,"date":"2011-04-09T13:56:49","date_gmt":"2011-04-09T11:56:49","guid":{"rendered":"https:\/\/iminbokhylla.se\/?p=627"},"modified":"2011-07-27T16:32:39","modified_gmt":"2011-07-27T14:32:39","slug":"fotbollsfrun-ger-ut-kronikesamling","status":"publish","type":"post","link":"https:\/\/iminbokhylla.se\/?p=627","title":{"rendered":"Fotbollsfrun ger ut kr\u00f6nikesamling"},"content":{"rendered":"<p>En p\u00e5tagligt nerv\u00f6s Malin Wollin, <a href=\"http:\/\/blogg.aftonbladet.se\/7148\/\">Fotbollsfrun<\/a>, presenterade inte sig sj\u00e4lv &#8221;jag utg\u00e5r fr\u00e5n att ni alla har koll p\u00e5 mig&#8221; men ber\u00e4ttade kort om sin bok. &#8221;Malin fr\u00e5n Skaftn\u00e4s&#8221; \u00e4r en kr\u00f6nikesamling, som enligt Malin bara inneh\u00e5ller de kr\u00f6nikor hon \u00e4r \u00e4lskad f\u00f6r, inte de hon \u00e4r hatad f\u00f6r. Med andra ord: boken inneh\u00e5ller kr\u00f6nikor fr\u00e5n tidningen Amelia, inte fr\u00e5n Aftonbladet. <\/p>\n<p>Ur Piratf\u00f6rlagets beskrivning: &#8221;Som en r\u00f6d tr\u00e5d genom boken f\u00f6rklarar jag min beundran, min dyrkan, till Kristina fr\u00e5n Duvem\u00e5la, kvinnornas kvinna. Urm\u00f6drarnas urmoder.&#8221;<\/p>\n<p><em>Malin fr\u00e5n Skaftn\u00e4s av Malin Wollin kommer ut den 7 september 2011. <\/em><\/p>\n<p>Jag f\u00f6ljer inte Malins blogg, och eftersom jag varken l\u00e4ser hennes kr\u00f6nikor i Aftonbladet eller Amelia har jag r\u00e4tt d\u00e5lig koll p\u00e5 henne. M\u00e5ste dock erk\u00e4nna att de jag blogginl\u00e4gg jag l\u00e4st efter att ha f\u00f6ljt n\u00e5gon l\u00e4nk inte h\u00f6r till mina favoriter.  <\/p>\n","protected":false},"excerpt":{"rendered":"<p>En p\u00e5tagligt nerv\u00f6s Malin Wollin, Fotbollsfrun, presenterade inte sig sj\u00e4lv &#8221;jag utg\u00e5r fr\u00e5n att ni alla har koll p\u00e5 mig&#8221; men ber\u00e4ttade kort om sin bok. &#8221;Malin fr\u00e5n Skaftn\u00e4s&#8221; \u00e4r en kr\u00f6nikesamling, som enligt Malin bara inneh\u00e5ller de kr\u00f6nikor hon \u00e4r \u00e4lskad f\u00f6r, inte de hon \u00e4r hatad f\u00f6r. Med andra ord: boken inneh\u00e5ller kr\u00f6nikor &hellip; <a href=\"https:\/\/iminbokhylla.se\/?p=627\" class=\"more-link\">Forts\u00e4tt l\u00e4sa<span class=\"screen-reader-text\"> \u201dFotbollsfrun ger ut kr\u00f6nikesamling\u201d<\/span><\/a><\/p>\n","protected":false},"author":1,"featured_media":0,"comment_status":"open","ping_status":"open","sticky":false,"template":"","format":"standard","meta":[],"categories":[4],"tags":[9],"featured_image_src":null,"featured_image_src_square":null,"author_info":{"display_name":"Josefine","author_link":"https:\/\/iminbokhylla.se\/?author=1"},"_links":{"self":[{"href":"https:\/\/iminbokhylla.se\/index.php?rest_route=\/wp\/v2\/posts\/627"}],"collection":[{"href":"https:\/\/iminbokhylla.se\/index.php?rest_route=\/wp\/v2\/posts"}],"about":[{"href":"https:\/\/iminbokhylla.se\/index.php?rest_route=\/wp\/v2\/types\/post"}],"author":[{"embeddable":true,"href":"https:\/\/iminbokhylla.se\/index.php?rest_route=\/wp\/v2\/users\/1"}],"replies":[{"embeddable":true,"href":"https:\/\/iminbokhylla.se\/index.php?rest_route=%2Fwp%2Fv2%2Fcomments&post=627"}],"version-history":[{"count":0,"href":"https:\/\/iminbokhylla.se\/index.php?rest_route=\/wp\/v2\/posts\/627\/revisions"}],"wp:attachment":[{"href":"https:\/\/iminbokhylla.se\/index.php?rest_route=%2Fwp%2Fv2%2Fmedia&parent=627"}],"wp:term":[{"taxonomy":"category","embeddable":true,"href":"https:\/\/iminbokhylla.se\/index.php?rest_route=%2Fwp%2Fv2%2Fcategories&post=627"},{"taxonomy":"post_tag","embeddable":true,"href":"https:\/\/iminbokhylla.se\/index.php?rest_route=%2Fwp%2Fv2%2Ftags&post=627"}],"curies":[{"name":"wp","href":"https:\/\/api.w.org\/{rel}","templated":true}]}}