{"id":613,"date":"2011-04-07T10:55:36","date_gmt":"2011-04-07T08:55:36","guid":{"rendered":"https:\/\/iminbokhylla.se\/?p=613"},"modified":"2011-07-27T16:32:39","modified_gmt":"2011-07-27T14:32:39","slug":"astrid-lindgren-far-en-sedel","status":"publish","type":"post","link":"https:\/\/iminbokhylla.se\/?p=613","title":{"rendered":"Astrid Lindgren f\u00e5r en sedel"},"content":{"rendered":"<p>Ig\u00e5r fick vi veta hur Sveriges nya sedlar och mynt ska se ut. (<a href=\"http:\/\/www.dn.se\/ekonomi\/har-ar-de-nya-sedlarna\">DN skriver om det h\u00e4r.<\/a>) Selma Lagerl\u00f6f \u00e5ker ut och Astrid Lindgren hamnar p\u00e5 20-kronorssedeln ist\u00e4llet. Tidigast \u00e5r 2014-2015 kommer de nya sedlarna tas i bruk. <\/p>\n","protected":false},"excerpt":{"rendered":"<p>Ig\u00e5r fick vi veta hur Sveriges nya sedlar och mynt ska se ut. (DN skriver om det h\u00e4r.) Selma Lagerl\u00f6f \u00e5ker ut och Astrid Lindgren hamnar p\u00e5 20-kronorssedeln ist\u00e4llet. Tidigast \u00e5r 2014-2015 kommer de nya sedlarna tas i bruk.<\/p>\n","protected":false},"author":1,"featured_media":0,"comment_status":"open","ping_status":"open","sticky":false,"template":"","format":"standard","meta":[],"categories":[4],"tags":[9],"featured_image_src":null,"featured_image_src_square":null,"author_info":{"display_name":"Josefine","author_link":"https:\/\/iminbokhylla.se\/?author=1"},"_links":{"self":[{"href":"https:\/\/iminbokhylla.se\/index.php?rest_route=\/wp\/v2\/posts\/613"}],"collection":[{"href":"https:\/\/iminbokhylla.se\/index.php?rest_route=\/wp\/v2\/posts"}],"about":[{"href":"https:\/\/iminbokhylla.se\/index.php?rest_route=\/wp\/v2\/types\/post"}],"author":[{"embeddable":true,"href":"https:\/\/iminbokhylla.se\/index.php?rest_route=\/wp\/v2\/users\/1"}],"replies":[{"embeddable":true,"href":"https:\/\/iminbokhylla.se\/index.php?rest_route=%2Fwp%2Fv2%2Fcomments&post=613"}],"version-history":[{"count":0,"href":"https:\/\/iminbokhylla.se\/index.php?rest_route=\/wp\/v2\/posts\/613\/revisions"}],"wp:attachment":[{"href":"https:\/\/iminbokhylla.se\/index.php?rest_route=%2Fwp%2Fv2%2Fmedia&parent=613"}],"wp:term":[{"taxonomy":"category","embeddable":true,"href":"https:\/\/iminbokhylla.se\/index.php?rest_route=%2Fwp%2Fv2%2Fcategories&post=613"},{"taxonomy":"post_tag","embeddable":true,"href":"https:\/\/iminbokhylla.se\/index.php?rest_route=%2Fwp%2Fv2%2Ftags&post=613"}],"curies":[{"name":"wp","href":"https:\/\/api.w.org\/{rel}","templated":true}]}}