{"id":561,"date":"2011-04-04T17:49:36","date_gmt":"2011-04-04T15:49:36","guid":{"rendered":"https:\/\/iminbokhylla.se\/?p=561"},"modified":"2011-07-27T16:32:39","modified_gmt":"2011-07-27T14:32:39","slug":"nu-blir-bockerna-klimatsmarta","status":"publish","type":"post","link":"https:\/\/iminbokhylla.se\/?p=561","title":{"rendered":"Nu blir b\u00f6ckerna klimatsmarta"},"content":{"rendered":"<p>Nu i april lanseras &#8221;klimatsmarta&#8221; pocketb\u00f6cker. Det \u00e4r M\u00e5npocket och Bonnier Pocket som ska sl\u00e4ppa b\u00f6cker som \u00e4r lite milj\u00f6v\u00e4nligare. De trycks p\u00e5 milj\u00f6m\u00e4rkt papper, trycks i Sverige f\u00f6r att undvika transporter i on\u00f6dan och dessutom klimatkompenserar f\u00f6rlagen f\u00f6r utsl\u00e4ppen som g\u00f6rs under produktionen. <\/p>\n<p>P\u00e5 ett \u00e5r blir ca 7 miljoner nyproducerade pocketb\u00f6cker klimatsmarta. Men blir det d\u00e5 dyrare? F\u00f6r f\u00f6rlagen, ja, men inte f\u00f6r oss konsumenter, enligt ett pressmeddelande:<\/p>\n<p>\u2013 Det \u00e4r klart att v\u00e5r milj\u00f6satsning medf\u00f6r \u00f6kade kostnader p\u00e5 olika s\u00e4tt f\u00f6r M\u00e5npocket och Bonnier Pocket men jag \u00e4r \u00f6vertygad om att det \u00e4r en v\u00e4l anv\u00e4nd investering f\u00f6r framtiden ur m\u00e5nga aspekter. De klimatsmarta b\u00f6ckerna kommer inte att bli dyrare \u00e4n vanliga pocketb\u00f6cker, s\u00e4ger Teresa Knochenhauer, f\u00f6rlagschef f\u00f6r M\u00e5npocket och Bonnier Pocket.<\/p>\n","protected":false},"excerpt":{"rendered":"<p>Nu i april lanseras &#8221;klimatsmarta&#8221; pocketb\u00f6cker. Det \u00e4r M\u00e5npocket och Bonnier Pocket som ska sl\u00e4ppa b\u00f6cker som \u00e4r lite milj\u00f6v\u00e4nligare. De trycks p\u00e5 milj\u00f6m\u00e4rkt papper, trycks i Sverige f\u00f6r att undvika transporter i on\u00f6dan och dessutom klimatkompenserar f\u00f6rlagen f\u00f6r utsl\u00e4ppen som g\u00f6rs under produktionen. P\u00e5 ett \u00e5r blir ca 7 miljoner nyproducerade pocketb\u00f6cker klimatsmarta. Men &hellip; <a href=\"https:\/\/iminbokhylla.se\/?p=561\" class=\"more-link\">Forts\u00e4tt l\u00e4sa<span class=\"screen-reader-text\"> \u201dNu blir b\u00f6ckerna klimatsmarta\u201d<\/span><\/a><\/p>\n","protected":false},"author":1,"featured_media":0,"comment_status":"open","ping_status":"open","sticky":false,"template":"","format":"standard","meta":[],"categories":[4],"tags":[9],"featured_image_src":null,"featured_image_src_square":null,"author_info":{"display_name":"Josefine","author_link":"https:\/\/iminbokhylla.se\/?author=1"},"_links":{"self":[{"href":"https:\/\/iminbokhylla.se\/index.php?rest_route=\/wp\/v2\/posts\/561"}],"collection":[{"href":"https:\/\/iminbokhylla.se\/index.php?rest_route=\/wp\/v2\/posts"}],"about":[{"href":"https:\/\/iminbokhylla.se\/index.php?rest_route=\/wp\/v2\/types\/post"}],"author":[{"embeddable":true,"href":"https:\/\/iminbokhylla.se\/index.php?rest_route=\/wp\/v2\/users\/1"}],"replies":[{"embeddable":true,"href":"https:\/\/iminbokhylla.se\/index.php?rest_route=%2Fwp%2Fv2%2Fcomments&post=561"}],"version-history":[{"count":0,"href":"https:\/\/iminbokhylla.se\/index.php?rest_route=\/wp\/v2\/posts\/561\/revisions"}],"wp:attachment":[{"href":"https:\/\/iminbokhylla.se\/index.php?rest_route=%2Fwp%2Fv2%2Fmedia&parent=561"}],"wp:term":[{"taxonomy":"category","embeddable":true,"href":"https:\/\/iminbokhylla.se\/index.php?rest_route=%2Fwp%2Fv2%2Fcategories&post=561"},{"taxonomy":"post_tag","embeddable":true,"href":"https:\/\/iminbokhylla.se\/index.php?rest_route=%2Fwp%2Fv2%2Ftags&post=561"}],"curies":[{"name":"wp","href":"https:\/\/api.w.org\/{rel}","templated":true}]}}