{"id":551,"date":"2011-04-01T14:56:18","date_gmt":"2011-04-01T12:56:18","guid":{"rendered":"https:\/\/iminbokhylla.se\/?p=551"},"modified":"2011-07-27T16:32:39","modified_gmt":"2011-07-27T14:32:39","slug":"grattis-pa-namnsdagen-ester","status":"publish","type":"post","link":"https:\/\/iminbokhylla.se\/?p=551","title":{"rendered":"Grattis p\u00e5 namnsdagen, Ester!"},"content":{"rendered":"<p>Ok, det var ig\u00e5r, men i alla fall: grattis p\u00e5 namnsdagen Ester!<\/p>\n<p><a href=\"http:\/\/www.flickr.com\/photos\/granding\/5576932885\/\" title=\"Esters namnsdag i DN by Granding, on Flickr\"><img loading=\"lazy\" src=\"http:\/\/farm6.static.flickr.com\/5105\/5576932885_492bf08730.jpg\" width=\"500\" height=\"374\" alt=\"Esters namnsdag i DN\"><\/a><\/p>\n","protected":false},"excerpt":{"rendered":"<p>Ok, det var ig\u00e5r, men i alla fall: grattis p\u00e5 namnsdagen Ester!<\/p>\n","protected":false},"author":1,"featured_media":0,"comment_status":"open","ping_status":"open","sticky":false,"template":"","format":"standard","meta":[],"categories":[4],"tags":[9],"featured_image_src":null,"featured_image_src_square":null,"author_info":{"display_name":"Josefine","author_link":"https:\/\/iminbokhylla.se\/?author=1"},"_links":{"self":[{"href":"https:\/\/iminbokhylla.se\/index.php?rest_route=\/wp\/v2\/posts\/551"}],"collection":[{"href":"https:\/\/iminbokhylla.se\/index.php?rest_route=\/wp\/v2\/posts"}],"about":[{"href":"https:\/\/iminbokhylla.se\/index.php?rest_route=\/wp\/v2\/types\/post"}],"author":[{"embeddable":true,"href":"https:\/\/iminbokhylla.se\/index.php?rest_route=\/wp\/v2\/users\/1"}],"replies":[{"embeddable":true,"href":"https:\/\/iminbokhylla.se\/index.php?rest_route=%2Fwp%2Fv2%2Fcomments&post=551"}],"version-history":[{"count":0,"href":"https:\/\/iminbokhylla.se\/index.php?rest_route=\/wp\/v2\/posts\/551\/revisions"}],"wp:attachment":[{"href":"https:\/\/iminbokhylla.se\/index.php?rest_route=%2Fwp%2Fv2%2Fmedia&parent=551"}],"wp:term":[{"taxonomy":"category","embeddable":true,"href":"https:\/\/iminbokhylla.se\/index.php?rest_route=%2Fwp%2Fv2%2Fcategories&post=551"},{"taxonomy":"post_tag","embeddable":true,"href":"https:\/\/iminbokhylla.se\/index.php?rest_route=%2Fwp%2Fv2%2Ftags&post=551"}],"curies":[{"name":"wp","href":"https:\/\/api.w.org\/{rel}","templated":true}]}}