{"id":543,"date":"2011-03-23T14:17:50","date_gmt":"2011-03-23T12:17:50","guid":{"rendered":"https:\/\/iminbokhylla.se\/?p=543"},"modified":"2011-07-27T16:32:39","modified_gmt":"2011-07-27T14:32:39","slug":"i-min-bokhylla-nominerad-till-forma-books-blog-award","status":"publish","type":"post","link":"https:\/\/iminbokhylla.se\/?p=543","title":{"rendered":"I min bokhylla nominerad till Forma Books Blog Award!"},"content":{"rendered":"<p>F\u00f6rlaget Forma har skapat ett bokbloggspris! Jag l\u00e4ste om det i f\u00f6rra veckan men pga sjukdom och resa har jag inte hunnit skriva om det f\u00f6rr\u00e4n nu. <\/p>\n<p>Forma skriver sj\u00e4lva:<br \/>\n&#8221;Forma Books uppm\u00e4rksammar bokbloggarna och instiftar ett pris f\u00f6r b\u00e4sta bokblogg \u2013 Forma Books Blog Award!<\/p>\n<p>Priset \u00e4r \u00e5rligen \u00e5terkommande och ges till den bokblogg som p\u00e5 b\u00e4sta s\u00e4tt uppm\u00e4rksammar litteraturen och skapar ett alldeles eget rum f\u00f6r den bokintresserade att vistas i. Priset best\u00e5r av 25 000 kronor samt en digital logga \u2013 \u201d\u00c5rets bokblogg 2011\u201d.<\/p>\n<p>Prisutdelningen sker i Forma Books monter p\u00e5 Bok- och Biblioteksm\u00e4ssan i G\u00f6teborg l\u00f6rdagen den 24 september. Man nominerar bloggar p\u00e5 Forma Books sajt, <a href=\"http:\/\/formabooks.se\">www.formabooks.se<\/a> och tiden f\u00f6r nomineringar \u00e4r fram till den 15 maj 2011. T\u00e4vlingen \u00e4r \u00f6ppen f\u00f6r alla, och man f\u00e5r \u00e4ven nominera sig sj\u00e4lv. Just den biten \u00e4r lite trist tycker jag, att nominera sig sj\u00e4lv \u00e4r inget alternativ i min v\u00e4rld. D\u00e4rf\u00f6r var det extra kul n\u00e4r jag fick ett mail som ber\u00e4ttade att I min bokhylla blivit nominerad! Tack Sonia!<\/p>\n<p>Efter nomineringstiden kommer tv\u00e5 rundor till d\u00e5 b\u00e5de en jury och en allm\u00e4n omr\u00f6stning ska utse en vinnare. <\/p>\n","protected":false},"excerpt":{"rendered":"<p>F\u00f6rlaget Forma har skapat ett bokbloggspris! Jag l\u00e4ste om det i f\u00f6rra veckan men pga sjukdom och resa har jag inte hunnit skriva om det f\u00f6rr\u00e4n nu. Forma skriver sj\u00e4lva: &#8221;Forma Books uppm\u00e4rksammar bokbloggarna och instiftar ett pris f\u00f6r b\u00e4sta bokblogg \u2013 Forma Books Blog Award! Priset \u00e4r \u00e5rligen \u00e5terkommande och ges till den bokblogg &hellip; <a href=\"https:\/\/iminbokhylla.se\/?p=543\" class=\"more-link\">Forts\u00e4tt l\u00e4sa<span class=\"screen-reader-text\"> \u201dI min bokhylla nominerad till Forma Books Blog Award!\u201d<\/span><\/a><\/p>\n","protected":false},"author":1,"featured_media":0,"comment_status":"open","ping_status":"open","sticky":false,"template":"","format":"standard","meta":[],"categories":[4],"tags":[9],"featured_image_src":null,"featured_image_src_square":null,"author_info":{"display_name":"Josefine","author_link":"https:\/\/iminbokhylla.se\/?author=1"},"_links":{"self":[{"href":"https:\/\/iminbokhylla.se\/index.php?rest_route=\/wp\/v2\/posts\/543"}],"collection":[{"href":"https:\/\/iminbokhylla.se\/index.php?rest_route=\/wp\/v2\/posts"}],"about":[{"href":"https:\/\/iminbokhylla.se\/index.php?rest_route=\/wp\/v2\/types\/post"}],"author":[{"embeddable":true,"href":"https:\/\/iminbokhylla.se\/index.php?rest_route=\/wp\/v2\/users\/1"}],"replies":[{"embeddable":true,"href":"https:\/\/iminbokhylla.se\/index.php?rest_route=%2Fwp%2Fv2%2Fcomments&post=543"}],"version-history":[{"count":0,"href":"https:\/\/iminbokhylla.se\/index.php?rest_route=\/wp\/v2\/posts\/543\/revisions"}],"wp:attachment":[{"href":"https:\/\/iminbokhylla.se\/index.php?rest_route=%2Fwp%2Fv2%2Fmedia&parent=543"}],"wp:term":[{"taxonomy":"category","embeddable":true,"href":"https:\/\/iminbokhylla.se\/index.php?rest_route=%2Fwp%2Fv2%2Fcategories&post=543"},{"taxonomy":"post_tag","embeddable":true,"href":"https:\/\/iminbokhylla.se\/index.php?rest_route=%2Fwp%2Fv2%2Ftags&post=543"}],"curies":[{"name":"wp","href":"https:\/\/api.w.org\/{rel}","templated":true}]}}