{"id":539,"date":"2011-03-25T13:38:30","date_gmt":"2011-03-25T11:38:30","guid":{"rendered":"https:\/\/iminbokhylla.se\/?p=539"},"modified":"2011-07-27T16:32:39","modified_gmt":"2011-07-27T14:32:39","slug":"539","status":"publish","type":"post","link":"https:\/\/iminbokhylla.se\/?p=539","title":{"rendered":"Tv\u00e5 nya, sanna, b\u00f6cker in p\u00e5 att l\u00e4sa-listan"},"content":{"rendered":"<p>Jag har allts\u00e5 en magasinssemester just nu, men \u00e4ven magasin kan ju handla om b\u00f6cker. <\/p>\n<p>I Filter nr 16 (oktober\/november 2010) tas \u00e4mnet &#8221;verkliga b\u00f6cker&#8221; upp. F\u00f6rfattaren och journalisten Magnus Sandelin ber\u00e4ttar att han blev st\u00f6rd av Helena Henschens I skuggan av ett brott eftersom man inte vet exakt vad som \u00e4r hittep\u00e5 och vad som \u00e4r verklighet. Nu inser jag att <a href=\"https:\/\/iminbokhylla.se\/2011\/02\/22\/i-skuggan-av-ett-brott-en-story-vard-att-lasa\/\">det nog var det som st\u00f6rde mig ocks\u00e5<\/a>. Magnus Sandelin har skrivit en helt sann bok, &#8221;varje ord \u00e4r sant&#8221;, om Jackie Arkl\u00f6f. Den svarte nazisten utkom p\u00e5 Forum i h\u00f6stas och l\u00e5ter riktigt intressant. <\/p>\n<p>Samma Filtartikel ber\u00e4ttar ocks\u00e5 om Jag \u00e4lskar den pojken (Telegram f\u00f6rlag, oktober 2010), skriven av Bosse L\u00f6th\u00e9n. \u00c4ven den h\u00e4r boken ber\u00e4ttar sanningen rakt av. Bosse ber\u00e4ttar om sitt liv med en alkoholiserad pappa, misshandel och br\u00e5k i skolan, hur han som tolv\u00e5ring blev trummis i punkbandet Skabb och blev sexuellt utnyttjad av en vuxen bandmedlem. \u00c4ven den \u00e4r boken verkar intressant. Tv\u00e5 nya b\u00f6cker in p\u00e5 att l\u00e4sa-listan med andra ord!<\/p>\n","protected":false},"excerpt":{"rendered":"<p>Jag har allts\u00e5 en magasinssemester just nu, men \u00e4ven magasin kan ju handla om b\u00f6cker. I Filter nr 16 (oktober\/november 2010) tas \u00e4mnet &#8221;verkliga b\u00f6cker&#8221; upp. F\u00f6rfattaren och journalisten Magnus Sandelin ber\u00e4ttar att han blev st\u00f6rd av Helena Henschens I skuggan av ett brott eftersom man inte vet exakt vad som \u00e4r hittep\u00e5 och vad &hellip; <a href=\"https:\/\/iminbokhylla.se\/?p=539\" class=\"more-link\">Forts\u00e4tt l\u00e4sa<span class=\"screen-reader-text\"> \u201dTv\u00e5 nya, sanna, b\u00f6cker in p\u00e5 att l\u00e4sa-listan\u201d<\/span><\/a><\/p>\n","protected":false},"author":1,"featured_media":0,"comment_status":"open","ping_status":"open","sticky":false,"template":"","format":"standard","meta":[],"categories":[4],"tags":[9],"featured_image_src":null,"featured_image_src_square":null,"author_info":{"display_name":"Josefine","author_link":"https:\/\/iminbokhylla.se\/?author=1"},"_links":{"self":[{"href":"https:\/\/iminbokhylla.se\/index.php?rest_route=\/wp\/v2\/posts\/539"}],"collection":[{"href":"https:\/\/iminbokhylla.se\/index.php?rest_route=\/wp\/v2\/posts"}],"about":[{"href":"https:\/\/iminbokhylla.se\/index.php?rest_route=\/wp\/v2\/types\/post"}],"author":[{"embeddable":true,"href":"https:\/\/iminbokhylla.se\/index.php?rest_route=\/wp\/v2\/users\/1"}],"replies":[{"embeddable":true,"href":"https:\/\/iminbokhylla.se\/index.php?rest_route=%2Fwp%2Fv2%2Fcomments&post=539"}],"version-history":[{"count":0,"href":"https:\/\/iminbokhylla.se\/index.php?rest_route=\/wp\/v2\/posts\/539\/revisions"}],"wp:attachment":[{"href":"https:\/\/iminbokhylla.se\/index.php?rest_route=%2Fwp%2Fv2%2Fmedia&parent=539"}],"wp:term":[{"taxonomy":"category","embeddable":true,"href":"https:\/\/iminbokhylla.se\/index.php?rest_route=%2Fwp%2Fv2%2Fcategories&post=539"},{"taxonomy":"post_tag","embeddable":true,"href":"https:\/\/iminbokhylla.se\/index.php?rest_route=%2Fwp%2Fv2%2Ftags&post=539"}],"curies":[{"name":"wp","href":"https:\/\/api.w.org\/{rel}","templated":true}]}}