{"id":537,"date":"2011-03-24T09:23:03","date_gmt":"2011-03-24T07:23:03","guid":{"rendered":"https:\/\/iminbokhylla.se\/?p=537"},"modified":"2011-07-27T16:32:39","modified_gmt":"2011-07-27T14:32:39","slug":"magasinens-aterkomst","status":"publish","type":"post","link":"https:\/\/iminbokhylla.se\/?p=537","title":{"rendered":"Magasinens \u00e5terkomst"},"content":{"rendered":"<p>Jag <a href=\"https:\/\/iminbokhylla.se\/2010\/10\/05\/en-nesb\u00f8sommar\/\">brukar ju l\u00e4sa en hel del n\u00e4r jag har semester<\/a>.  Det g\u00f6r jag den h\u00e4r g\u00e5ngen ocks\u00e5, men inte b\u00f6cker. Jag ligger s\u00e5 f\u00f6rtvivlat efter i min tidsskriftsl\u00e4sning att jag inte tog med en enda bok till Marrakech (!) utan bara tidskrifter. Ja, ok, helt galen \u00e4r jag inte, jag har Ipaden laddad med b\u00f6cker ifall behov skulle uppst\u00e5. <\/p>\n<p>Hittills har jag l\u00e4st tv\u00e5 Filter, de tar ju ett tag att l\u00e4sa, och ska nu ge mig i kast med Expo. B\u00f6rjade prenumerera p\u00e5 Expo n\u00e4r Sverigedemokraterna kom in i Riksdagen, t\u00e4nkte att Expo beh\u00f6vde st\u00f6d, men har faktiskt ingen aning om vad det \u00e4r f\u00f6r tidning, mer \u00e4n att Stieg Larsson jobbade d\u00e4r och att de \u00e4r mot rasism. (<a href=\"https:\/\/iminbokhylla.se\/2010\/11\/28\/du-far-valja-tre-magasin\">Tidskriftsfr\u00e5gan jag fick i november sl\u00e5r allts\u00e5 in<\/a>).<\/p>\n","protected":false},"excerpt":{"rendered":"<p>Jag brukar ju l\u00e4sa en hel del n\u00e4r jag har semester. Det g\u00f6r jag den h\u00e4r g\u00e5ngen ocks\u00e5, men inte b\u00f6cker. Jag ligger s\u00e5 f\u00f6rtvivlat efter i min tidsskriftsl\u00e4sning att jag inte tog med en enda bok till Marrakech (!) utan bara tidskrifter. Ja, ok, helt galen \u00e4r jag inte, jag har Ipaden laddad med &hellip; <a href=\"https:\/\/iminbokhylla.se\/?p=537\" class=\"more-link\">Forts\u00e4tt l\u00e4sa<span class=\"screen-reader-text\"> \u201dMagasinens \u00e5terkomst\u201d<\/span><\/a><\/p>\n","protected":false},"author":1,"featured_media":0,"comment_status":"open","ping_status":"open","sticky":false,"template":"","format":"standard","meta":[],"categories":[4],"tags":[9],"featured_image_src":null,"featured_image_src_square":null,"author_info":{"display_name":"Josefine","author_link":"https:\/\/iminbokhylla.se\/?author=1"},"_links":{"self":[{"href":"https:\/\/iminbokhylla.se\/index.php?rest_route=\/wp\/v2\/posts\/537"}],"collection":[{"href":"https:\/\/iminbokhylla.se\/index.php?rest_route=\/wp\/v2\/posts"}],"about":[{"href":"https:\/\/iminbokhylla.se\/index.php?rest_route=\/wp\/v2\/types\/post"}],"author":[{"embeddable":true,"href":"https:\/\/iminbokhylla.se\/index.php?rest_route=\/wp\/v2\/users\/1"}],"replies":[{"embeddable":true,"href":"https:\/\/iminbokhylla.se\/index.php?rest_route=%2Fwp%2Fv2%2Fcomments&post=537"}],"version-history":[{"count":0,"href":"https:\/\/iminbokhylla.se\/index.php?rest_route=\/wp\/v2\/posts\/537\/revisions"}],"wp:attachment":[{"href":"https:\/\/iminbokhylla.se\/index.php?rest_route=%2Fwp%2Fv2%2Fmedia&parent=537"}],"wp:term":[{"taxonomy":"category","embeddable":true,"href":"https:\/\/iminbokhylla.se\/index.php?rest_route=%2Fwp%2Fv2%2Fcategories&post=537"},{"taxonomy":"post_tag","embeddable":true,"href":"https:\/\/iminbokhylla.se\/index.php?rest_route=%2Fwp%2Fv2%2Ftags&post=537"}],"curies":[{"name":"wp","href":"https:\/\/api.w.org\/{rel}","templated":true}]}}