{"id":535,"date":"2011-03-23T13:22:55","date_gmt":"2011-03-23T11:22:55","guid":{"rendered":"https:\/\/iminbokhylla.se\/?p=535"},"modified":"2011-07-27T16:32:39","modified_gmt":"2011-07-27T14:32:39","slug":"reselitteratur-i-papper-och-app","status":"publish","type":"post","link":"https:\/\/iminbokhylla.se\/?p=535","title":{"rendered":"Reselitteratur i papper och app"},"content":{"rendered":"<p>Jag och sambon \u00e4r i Marrakech, Marocko p\u00e5 semester. N\u00e4r jag reser med min sambo blir jag r\u00e4tt lat. Eftersom han skaffar sig stenkoll p\u00e5 resm\u00e5lets kultur, mat, traditioner, sev\u00e4rdheter och kartor kollar jag inte upp n\u00e5gonting, utan f\u00f6rlitar mig helt p\u00e5 att han ska ber\u00e4tta saker f\u00f6r mig. Ganska sk\u00f6nt eftersom jag, n\u00e4r jag reser med andra, alltid \u00e4r den med totalkoll. <\/p>\n<p>Den h\u00e4r g\u00e5ngen f\u00e5r vi info fr\u00e5n en bok, den p\u00e5 bilden, och ett helt g\u00e4ng Iphoneappar. <\/p>\n<p><a href=\"http:\/\/www.flickr.com\/photos\/granding\/5447209287\/\" title=\"marrakech by Granding, on Flickr\"><img loading=\"lazy\" src=\"http:\/\/farm6.static.flickr.com\/5011\/5447209287_15e649531c.jpg\" width=\"265\" height=\"500\" alt=\"marrakech\" \/><\/a><\/p>\n","protected":false},"excerpt":{"rendered":"<p>Jag och sambon \u00e4r i Marrakech, Marocko p\u00e5 semester. N\u00e4r jag reser med min sambo blir jag r\u00e4tt lat. Eftersom han skaffar sig stenkoll p\u00e5 resm\u00e5lets kultur, mat, traditioner, sev\u00e4rdheter och kartor kollar jag inte upp n\u00e5gonting, utan f\u00f6rlitar mig helt p\u00e5 att han ska ber\u00e4tta saker f\u00f6r mig. Ganska sk\u00f6nt eftersom jag, n\u00e4r jag &hellip; <a href=\"https:\/\/iminbokhylla.se\/?p=535\" class=\"more-link\">Forts\u00e4tt l\u00e4sa<span class=\"screen-reader-text\"> \u201dReselitteratur i papper och app\u201d<\/span><\/a><\/p>\n","protected":false},"author":1,"featured_media":0,"comment_status":"open","ping_status":"open","sticky":false,"template":"","format":"standard","meta":[],"categories":[4],"tags":[9],"featured_image_src":null,"featured_image_src_square":null,"author_info":{"display_name":"Josefine","author_link":"https:\/\/iminbokhylla.se\/?author=1"},"_links":{"self":[{"href":"https:\/\/iminbokhylla.se\/index.php?rest_route=\/wp\/v2\/posts\/535"}],"collection":[{"href":"https:\/\/iminbokhylla.se\/index.php?rest_route=\/wp\/v2\/posts"}],"about":[{"href":"https:\/\/iminbokhylla.se\/index.php?rest_route=\/wp\/v2\/types\/post"}],"author":[{"embeddable":true,"href":"https:\/\/iminbokhylla.se\/index.php?rest_route=\/wp\/v2\/users\/1"}],"replies":[{"embeddable":true,"href":"https:\/\/iminbokhylla.se\/index.php?rest_route=%2Fwp%2Fv2%2Fcomments&post=535"}],"version-history":[{"count":0,"href":"https:\/\/iminbokhylla.se\/index.php?rest_route=\/wp\/v2\/posts\/535\/revisions"}],"wp:attachment":[{"href":"https:\/\/iminbokhylla.se\/index.php?rest_route=%2Fwp%2Fv2%2Fmedia&parent=535"}],"wp:term":[{"taxonomy":"category","embeddable":true,"href":"https:\/\/iminbokhylla.se\/index.php?rest_route=%2Fwp%2Fv2%2Fcategories&post=535"},{"taxonomy":"post_tag","embeddable":true,"href":"https:\/\/iminbokhylla.se\/index.php?rest_route=%2Fwp%2Fv2%2Ftags&post=535"}],"curies":[{"name":"wp","href":"https:\/\/api.w.org\/{rel}","templated":true}]}}