{"id":515,"date":"2011-04-25T09:56:40","date_gmt":"2011-04-25T07:56:40","guid":{"rendered":"https:\/\/iminbokhylla.se\/?p=515"},"modified":"2011-07-27T16:32:22","modified_gmt":"2011-07-27T14:32:22","slug":"nar-barnet-lagt-sig-utelamnande-men-ointressant","status":"publish","type":"post","link":"https:\/\/iminbokhylla.se\/?p=515","title":{"rendered":"N\u00e4r barnet lagt sig: utel\u00e4mnande men ointressant"},"content":{"rendered":"<p><strong>Bok:<\/strong> N\u00e4r barnet lagt sig<br \/>\n<strong>F\u00f6rfattare<\/strong>: Michael Nyqvist<br \/>\n<strong>F\u00f6rlag<\/strong>: Norstedts<br \/>\n<strong>Sajt<\/strong>: <a href=\"http:\/\/sv.wikipedia.org\/wiki\/Michael_Nyqvist\">Wikipedia om f\u00f6rfattaren<\/a><\/p>\n<p><a href=\"https:\/\/iminbokhylla.se\/2011\/03\/07\/marklig-bok-och-pretentios-titel\/\">Den 7 mars skrev jag att jag l\u00e4st N\u00e4r barnet lagt sig av Michael Nyqvist. <\/a> Nu \u00e4r det den 25 april och f\u00f6rst nu skriver jag om den. Varf\u00f6r? F\u00f6r att jag \u00e4r s\u00e5 besviken p\u00e5 den. <\/p>\n<p>Som liten f\u00e5r Michael Nyqvist pl\u00f6tsligt veta att han \u00e4r adopterad. Han f\u00e5r \u00e4ven veta att detta m\u00e5ste h\u00e5llas hemligt, eftersom det \u00e4r skamligt. Som vuxen best\u00e4mmer han sig f\u00f6r att leta r\u00e4tt p\u00e5 sina f\u00f6r\u00e4ldrar. <\/p>\n<p><a href=\"http:\/\/www.flickr.com\/photos\/granding\/5505381581\/\" title=\"N\u00e4r barnet lagt sig by Granding, on Flickr\"><img loading=\"lazy\" src=\"http:\/\/farm6.static.flickr.com\/5175\/5505381581_ffd30c1311.jpg\" width=\"224\" height=\"365\" alt=\"N\u00e4r barnet lagt sig\"><\/a><\/p>\n<p><strong>Betyg:<\/strong><br \/>\nBoken \u00e4r r\u00f6rig och \u00e4r konstigt skriven. \u00c4ven om det finns n\u00e5gra riktigt vackra passager r\u00e4cker inte detta. Boken och historien \u00e4r v\u00e4ldigt utel\u00e4mnande, men inte intressant. <\/p>\n<p>Michael Nyqvist spelar i och f\u00f6r sig alltid Michael Nyqvist, men jag gillar Michael Nyqvist. Som sk\u00e5despelare. Punkt.  <\/p>\n<p><img loading=\"lazy\" src=\"https:\/\/iminbokhylla.se\/betyg_2.png\" width=\"472\" height=\"99\" alt=\"betyg\" \/><\/p>\n","protected":false},"excerpt":{"rendered":"<p>Bok: N\u00e4r barnet lagt sig F\u00f6rfattare: Michael Nyqvist F\u00f6rlag: Norstedts Sajt: Wikipedia om f\u00f6rfattaren Den 7 mars skrev jag att jag l\u00e4st N\u00e4r barnet lagt sig av Michael Nyqvist. Nu \u00e4r det den 25 april och f\u00f6rst nu skriver jag om den. Varf\u00f6r? F\u00f6r att jag \u00e4r s\u00e5 besviken p\u00e5 den. Som liten f\u00e5r Michael &hellip; <a href=\"https:\/\/iminbokhylla.se\/?p=515\" class=\"more-link\">Forts\u00e4tt l\u00e4sa<span class=\"screen-reader-text\"> \u201dN\u00e4r barnet lagt sig: utel\u00e4mnande men ointressant\u201d<\/span><\/a><\/p>\n","protected":false},"author":1,"featured_media":0,"comment_status":"open","ping_status":"open","sticky":false,"template":"","format":"standard","meta":[],"categories":[3],"tags":[9],"featured_image_src":null,"featured_image_src_square":null,"author_info":{"display_name":"Josefine","author_link":"https:\/\/iminbokhylla.se\/?author=1"},"_links":{"self":[{"href":"https:\/\/iminbokhylla.se\/index.php?rest_route=\/wp\/v2\/posts\/515"}],"collection":[{"href":"https:\/\/iminbokhylla.se\/index.php?rest_route=\/wp\/v2\/posts"}],"about":[{"href":"https:\/\/iminbokhylla.se\/index.php?rest_route=\/wp\/v2\/types\/post"}],"author":[{"embeddable":true,"href":"https:\/\/iminbokhylla.se\/index.php?rest_route=\/wp\/v2\/users\/1"}],"replies":[{"embeddable":true,"href":"https:\/\/iminbokhylla.se\/index.php?rest_route=%2Fwp%2Fv2%2Fcomments&post=515"}],"version-history":[{"count":0,"href":"https:\/\/iminbokhylla.se\/index.php?rest_route=\/wp\/v2\/posts\/515\/revisions"}],"wp:attachment":[{"href":"https:\/\/iminbokhylla.se\/index.php?rest_route=%2Fwp%2Fv2%2Fmedia&parent=515"}],"wp:term":[{"taxonomy":"category","embeddable":true,"href":"https:\/\/iminbokhylla.se\/index.php?rest_route=%2Fwp%2Fv2%2Fcategories&post=515"},{"taxonomy":"post_tag","embeddable":true,"href":"https:\/\/iminbokhylla.se\/index.php?rest_route=%2Fwp%2Fv2%2Ftags&post=515"}],"curies":[{"name":"wp","href":"https:\/\/api.w.org\/{rel}","templated":true}]}}