{"id":513,"date":"2011-04-07T09:55:06","date_gmt":"2011-04-07T07:55:06","guid":{"rendered":"https:\/\/iminbokhylla.se\/?p=513"},"modified":"2011-07-27T16:32:39","modified_gmt":"2011-07-27T14:32:39","slug":"fallet-vincent-franke","status":"publish","type":"post","link":"https:\/\/iminbokhylla.se\/?p=513","title":{"rendered":"Fallet Vincent Franke: en morfinh\u00f6g knarkare ska r\u00e4dda ett traffickingoffer"},"content":{"rendered":"<p><strong>Bok:<\/strong> Fallet Vincent Franke<br \/>\n<strong>F\u00f6rfattare<\/strong>: Christoffer Carlsson<br \/>\n<strong>F\u00f6rlag<\/strong>: Piratf\u00f6rlaget<br \/>\n<strong>Sajt<\/strong>: <a href=\"http:\/\/www.piratforlaget.se\/bocker\/carlsson-fallet-vincent-franke--\">Piratf\u00f6rlagets f\u00f6rfattarsida<\/a><\/p>\n<p><em>F\u00f6r att verkligen komma ih\u00e5g detaljer om b\u00f6cker skriver jag anteckningar n\u00e4r jag l\u00e4ser. Det st\u00f6r mitt l\u00e4sande lite grann, men eftersom det ofta g\u00e5r ett tag innan jag hinner skriva om b\u00f6cker jag l\u00e4st h\u00e4r m\u00e5ste jag helt enkelt anteckna. (Just nu har jag tio b\u00f6cker som \u00e4r l\u00e4sta, men inte skrivna om &#8230;) Kanske skapar anteckningarna en alltf\u00f6r stor trygghet, f\u00f6r n\u00e4r det bara \u00e4r att inse att mina anteckningar om den h\u00e4r boken f\u00f6rsvunnit f\u00e5r jag l\u00e4tt panik. <\/em><\/p>\n<p>Vincent Franke \u00e4r knarkare, morfinist. I hans l\u00e4genhet st\u00e4ngs Maria in, av en av de tyngsta i Stockholms under v\u00e4rld, Pastor. Vincents uppdrag \u00e4r enkelt, lyckas Maria fly r\u00e5kar han j\u00e4kligt illa ut. Sj\u00e4lvklart blir Vincent upp \u00f6ver \u00f6ronen f\u00f6r\u00e4lskad, besatt, i Maria och n\u00e4r han inser att bara han, en v\u00e4ldigt trasig morfinh\u00f6g knarkare, kan r\u00e4dda henne fr\u00e5n ett traffickingliv i Stockholm f\u00f6rst\u00e5r ni vart det barkar. <\/p>\n<p>Genom boken f\u00e5r vi ocks\u00e5 ta del av Vincents tidiga liv. Varf\u00f6r han blev kriminell, knarkare och f\u00e4ngelsekund \u00e4r inte sv\u00e5rt att f\u00f6rst\u00e5 d\u00e5 hans pappa l\u00e4karen b\u00f6rjade servera honom morfin redan d\u00e5 Vincent var tolv \u00e5r. <\/p>\n<p><a href=\"http:\/\/www.flickr.com\/photos\/granding\/5589641734\/\" title=\"Fallet Vincent Franke by Granding, on Flickr\"><img loading=\"lazy\" src=\"http:\/\/farm6.static.flickr.com\/5304\/5589641734_128eac0936.jpg\" width=\"175\" height=\"270\" alt=\"Fallet Vincent Franke\"><\/a><\/p>\n<p><strong>Betyg:<\/strong><br \/>\nFallet Vincent Franke \u00e4r en tragisk bok, med en tragisk ber\u00e4ttelse. Karakt\u00e4ren har, som Piratf\u00f6rlaget skriver, ingen gr\u00e4ns mellan k\u00e4rlek och besatthet, den \u00f6vre och den undre v\u00e4rlden och mellan verklighet och hallucination. <\/p>\n<p>Detta blir definitivt ingen ny favorit, men det \u00e4r helt klart l\u00e4sv\u00e4rd.<br \/>\n<img loading=\"lazy\" src=\"https:\/\/iminbokhylla.se\/betyg_3.png\" width=\"472\" height=\"99\" alt=\"betyg\" \/><\/p>\n","protected":false},"excerpt":{"rendered":"<p>Bok: Fallet Vincent Franke F\u00f6rfattare: Christoffer Carlsson F\u00f6rlag: Piratf\u00f6rlaget Sajt: Piratf\u00f6rlagets f\u00f6rfattarsida F\u00f6r att verkligen komma ih\u00e5g detaljer om b\u00f6cker skriver jag anteckningar n\u00e4r jag l\u00e4ser. Det st\u00f6r mitt l\u00e4sande lite grann, men eftersom det ofta g\u00e5r ett tag innan jag hinner skriva om b\u00f6cker jag l\u00e4st h\u00e4r m\u00e5ste jag helt enkelt anteckna. (Just nu &hellip; <a href=\"https:\/\/iminbokhylla.se\/?p=513\" class=\"more-link\">Forts\u00e4tt l\u00e4sa<span class=\"screen-reader-text\"> \u201dFallet Vincent Franke: en morfinh\u00f6g knarkare ska r\u00e4dda ett traffickingoffer\u201d<\/span><\/a><\/p>\n","protected":false},"author":1,"featured_media":0,"comment_status":"open","ping_status":"open","sticky":false,"template":"","format":"standard","meta":[],"categories":[3],"tags":[9],"featured_image_src":null,"featured_image_src_square":null,"author_info":{"display_name":"Josefine","author_link":"https:\/\/iminbokhylla.se\/?author=1"},"_links":{"self":[{"href":"https:\/\/iminbokhylla.se\/index.php?rest_route=\/wp\/v2\/posts\/513"}],"collection":[{"href":"https:\/\/iminbokhylla.se\/index.php?rest_route=\/wp\/v2\/posts"}],"about":[{"href":"https:\/\/iminbokhylla.se\/index.php?rest_route=\/wp\/v2\/types\/post"}],"author":[{"embeddable":true,"href":"https:\/\/iminbokhylla.se\/index.php?rest_route=\/wp\/v2\/users\/1"}],"replies":[{"embeddable":true,"href":"https:\/\/iminbokhylla.se\/index.php?rest_route=%2Fwp%2Fv2%2Fcomments&post=513"}],"version-history":[{"count":0,"href":"https:\/\/iminbokhylla.se\/index.php?rest_route=\/wp\/v2\/posts\/513\/revisions"}],"wp:attachment":[{"href":"https:\/\/iminbokhylla.se\/index.php?rest_route=%2Fwp%2Fv2%2Fmedia&parent=513"}],"wp:term":[{"taxonomy":"category","embeddable":true,"href":"https:\/\/iminbokhylla.se\/index.php?rest_route=%2Fwp%2Fv2%2Fcategories&post=513"},{"taxonomy":"post_tag","embeddable":true,"href":"https:\/\/iminbokhylla.se\/index.php?rest_route=%2Fwp%2Fv2%2Ftags&post=513"}],"curies":[{"name":"wp","href":"https:\/\/api.w.org\/{rel}","templated":true}]}}