{"id":510,"date":"2011-03-19T16:54:43","date_gmt":"2011-03-19T14:54:43","guid":{"rendered":"https:\/\/iminbokhylla.se\/?p=510"},"modified":"2011-07-27T16:32:39","modified_gmt":"2011-07-27T14:32:39","slug":"platt-fall-lotta-lotta-far-blindtarmen","status":"publish","type":"post","link":"https:\/\/iminbokhylla.se\/?p=510","title":{"rendered":"Platt fall, Lotta!: Lotta f\u00e5r blindtarmen"},"content":{"rendered":"<p><strong>Bok:<\/strong> Platt fall, Lotta!<br \/>\n<strong>F\u00f6rfattare<\/strong>: Merri Vik (Ester Ringn\u00e9r-Lundgren)<br \/>\n<strong>F\u00f6rlag<\/strong>: B. Wahlstr\u00f6ms f\u00f6rlag<br \/>\n<strong>Sajt<\/strong>: <a href=\"http:\/\/sv.wikipedia.org\/wiki\/Ester_Ringn%C3%A9r-Lundgren\">Wikipedia om f\u00f6rfattaren<\/a><\/p>\n<p>Platt fall best\u00e5r av n\u00e5gra st\u00f6rre h\u00e4ndelser. Teatergruppen s\u00e4tter upp &#8221;Dimman&#8221; igen. Lotta f\u00e5r blindtarmen. Paul kommer p\u00e5 bes\u00f6k. Lotta g\u00f6r bort sig. Sj\u00e4lvklart h\u00f6r de tv\u00e5 sista sakerna ihop. Paul och Lotta ska g\u00e5 ut p\u00e5 promenad. Paul t\u00e4nker sig att &#8221;traska i skogen&#8221;, men Lotta vill verka vuxen och v\u00e4rldsvan och har galna skor och galen frisyr. Sj\u00e4lvklart slutar det med ett platt fall mitt i stan. Allt blir dock f\u00f6rl\u00e5tet n\u00e4r Lotta f\u00e5r blindtarmen. <\/p>\n<p><a href=\"http:\/\/www.flickr.com\/photos\/granding\/5390175712\/\" title=\"12 by Granding, on Flickr\"><img loading=\"lazy\" src=\"http:\/\/farm6.static.flickr.com\/5132\/5390175712_939fc2057f.jpg\" width=\"224\" height=\"347\" alt=\"12\" \/><\/a><\/p>\n<p><strong>Betyg:<\/strong><br \/>\n\u00c5h vad jag tyckte synd om Lotta n\u00e4r jag var liten! Som beh\u00f6vde ligga p\u00e5 sjukhus och som bara fick \u00e4ta \u00e4cklig mat, beh\u00f6vde niga f\u00f6r l\u00e4karna och bara fick bes\u00f6k under bes\u00f6kstiden (jag brukade j\u00e4mf\u00f6ra med n\u00e4r min bror fick operera sin handled. D\u00e5 bodde mamma p\u00e5 sjukhuset p\u00e5 dagtid och pappa p\u00e5 natten). En bra Lotta-bok, som man har koll p\u00e5 till b\u00e5de handling, omslag och titel. <\/p>\n<p><img loading=\"lazy\" src=\"https:\/\/iminbokhylla.se\/betyg_4.png\" width=\"472\" height=\"99\" alt=\"betyg\" \/><\/p>\n","protected":false},"excerpt":{"rendered":"<p>Bok: Platt fall, Lotta! F\u00f6rfattare: Merri Vik (Ester Ringn\u00e9r-Lundgren) F\u00f6rlag: B. Wahlstr\u00f6ms f\u00f6rlag Sajt: Wikipedia om f\u00f6rfattaren Platt fall best\u00e5r av n\u00e5gra st\u00f6rre h\u00e4ndelser. Teatergruppen s\u00e4tter upp &#8221;Dimman&#8221; igen. Lotta f\u00e5r blindtarmen. Paul kommer p\u00e5 bes\u00f6k. Lotta g\u00f6r bort sig. Sj\u00e4lvklart h\u00f6r de tv\u00e5 sista sakerna ihop. Paul och Lotta ska g\u00e5 ut p\u00e5 promenad. &hellip; <a href=\"https:\/\/iminbokhylla.se\/?p=510\" class=\"more-link\">Forts\u00e4tt l\u00e4sa<span class=\"screen-reader-text\"> \u201dPlatt fall, Lotta!: Lotta f\u00e5r blindtarmen\u201d<\/span><\/a><\/p>\n","protected":false},"author":1,"featured_media":0,"comment_status":"open","ping_status":"open","sticky":false,"template":"","format":"standard","meta":[],"categories":[3],"tags":[9],"featured_image_src":null,"featured_image_src_square":null,"author_info":{"display_name":"Josefine","author_link":"https:\/\/iminbokhylla.se\/?author=1"},"_links":{"self":[{"href":"https:\/\/iminbokhylla.se\/index.php?rest_route=\/wp\/v2\/posts\/510"}],"collection":[{"href":"https:\/\/iminbokhylla.se\/index.php?rest_route=\/wp\/v2\/posts"}],"about":[{"href":"https:\/\/iminbokhylla.se\/index.php?rest_route=\/wp\/v2\/types\/post"}],"author":[{"embeddable":true,"href":"https:\/\/iminbokhylla.se\/index.php?rest_route=\/wp\/v2\/users\/1"}],"replies":[{"embeddable":true,"href":"https:\/\/iminbokhylla.se\/index.php?rest_route=%2Fwp%2Fv2%2Fcomments&post=510"}],"version-history":[{"count":0,"href":"https:\/\/iminbokhylla.se\/index.php?rest_route=\/wp\/v2\/posts\/510\/revisions"}],"wp:attachment":[{"href":"https:\/\/iminbokhylla.se\/index.php?rest_route=%2Fwp%2Fv2%2Fmedia&parent=510"}],"wp:term":[{"taxonomy":"category","embeddable":true,"href":"https:\/\/iminbokhylla.se\/index.php?rest_route=%2Fwp%2Fv2%2Fcategories&post=510"},{"taxonomy":"post_tag","embeddable":true,"href":"https:\/\/iminbokhylla.se\/index.php?rest_route=%2Fwp%2Fv2%2Ftags&post=510"}],"curies":[{"name":"wp","href":"https:\/\/api.w.org\/{rel}","templated":true}]}}