{"id":501,"date":"2011-03-16T10:11:19","date_gmt":"2011-03-16T08:11:19","guid":{"rendered":"https:\/\/iminbokhylla.se\/?p=501"},"modified":"2011-07-27T16:32:58","modified_gmt":"2011-07-27T14:32:58","slug":"se-dig-for-lotta-den-basta-jakten","status":"publish","type":"post","link":"https:\/\/iminbokhylla.se\/?p=501","title":{"rendered":"Se dig f\u00f6r, Lotta!: den b\u00e4sta jakten"},"content":{"rendered":"<p><strong>Bok:<\/strong> Se dig f\u00f6r, Lotta!<br \/>\n<strong>F\u00f6rfattare<\/strong>: Merri Vik (Ester Ringn\u00e9r-Lundgren)<br \/>\n<strong>F\u00f6rlag<\/strong>: B. Wahlstr\u00f6ms f\u00f6rlag<br \/>\n<strong>Sajt<\/strong>: <a href=\"http:\/\/sv.wikipedia.org\/wiki\/Ester_Ringn%C3%A9r-Lundgren\">Wikipedia om f\u00f6rfattaren<\/a><\/p>\n<p>Sommarlovet b\u00f6rjar lida mot sitt slut. Lottas pappa jobbar igen, syskonen \u00e4r p\u00e5 avv\u00e4gar och n\u00e4r mamman pl\u00f6tsligt m\u00e5ste resa bort verkar det som att Lotta kommer f\u00e5 tillbringa sin sista sommarlovsvecka i stan ist\u00e4llet f\u00f6r p\u00e5 landet. Det g\u00e5r ju inte f\u00f6r sig, s\u00e5 ist\u00e4llet kommer Giggi ut f\u00f6r att bo p\u00e5 landet med Lotta. Hon \u00e5ngrar sig lite n\u00e4r Lottas m\u00f6rkr\u00e4dlsa visar sig under en \u00e5sknatt.<\/p>\n<p>\u00c4ven i den h\u00e4r boken finns en jakt med, den h\u00e4r g\u00e5ngen letar Lotta, Giggi, en granne, Lockige Fridolf och Farbror Urban efter ett borttappat manuskript. Som tack f\u00f6r hj\u00e4lpen samlas jaktgruppen p\u00e5 &#8221;panget&#8221; f\u00f6r en kr\u00e4ftskiva, och d\u00e4r finns pl\u00f6tsligt Paul.<\/p>\n<p><a href=\"http:\/\/www.flickr.com\/photos\/granding\/5390167270\/\" title=\"10 by Granding, on Flickr\"><img loading=\"lazy\" src=\"http:\/\/farm6.static.flickr.com\/5099\/5390167270_ae5330fc83.jpg\" width=\"221\" height=\"347\" alt=\"10\" \/><\/a><\/p>\n<p><strong>Betyg:<\/strong><br \/>\nPrecis som med <a href=\"https:\/\/iminbokhylla.se\/2011\/02\/23\/lotta-slar-till-en-mellanbok\/\">Lotta sl\u00e5r till<\/a> s\u00e4ger varken omslag eller titel mig n\u00e5got om handlingen, men bara efter n\u00e5gra sidor har jag full koll. Det h\u00e4r \u00e4r en bok som jag verkligen kan, s\u00e5 den m\u00e5ste ha funnit i mammas samling som jag fick ta \u00f6ver som liten. Flera g\u00e5nger skrattar jag h\u00f6gt, bland annat s\u00e5 \u00e4r \u00e5sknatten verkligen bra beskriven. <\/p>\n<p>Det kan ibland bli lite v\u00e4l mycket jakter i Lottab\u00f6ckerna, men det \u00e4r \u00e4r nog min favorit. Roliga personer, bra beskrivet, de jagar en rolig sak. Och s\u00e5 \u00e4r det f\u00f6rst\u00e5s kul att resultatet av jakten blir att vi f\u00e5r tr\u00e4ffa Paul igen. \ud83d\ude42 D\u00e4remot st\u00f6r jag mig lite p\u00e5 att Lotta har s\u00e5 l\u00e4tt f\u00f6r att bli barnslig och fjantig n\u00e4r hon tr\u00e4ffar Paul. G\u00e5r n\u00e5got galet kan hon inte skratta bort det utan d\u00e5 ska hon fly ist\u00e4llet. Men det \u00e4r ju n\u00e5got som st\u00f6r mig i Lottas personlighet, inte i bokber\u00e4ttandet. <\/p>\n<p><img loading=\"lazy\" src=\"https:\/\/iminbokhylla.se\/betyg_4.png\" width=\"472\" height=\"99\" alt=\"betyg\" \/><\/p>\n","protected":false},"excerpt":{"rendered":"<p>Bok: Se dig f\u00f6r, Lotta! F\u00f6rfattare: Merri Vik (Ester Ringn\u00e9r-Lundgren) F\u00f6rlag: B. Wahlstr\u00f6ms f\u00f6rlag Sajt: Wikipedia om f\u00f6rfattaren Sommarlovet b\u00f6rjar lida mot sitt slut. Lottas pappa jobbar igen, syskonen \u00e4r p\u00e5 avv\u00e4gar och n\u00e4r mamman pl\u00f6tsligt m\u00e5ste resa bort verkar det som att Lotta kommer f\u00e5 tillbringa sin sista sommarlovsvecka i stan ist\u00e4llet f\u00f6r p\u00e5 &hellip; <a href=\"https:\/\/iminbokhylla.se\/?p=501\" class=\"more-link\">Forts\u00e4tt l\u00e4sa<span class=\"screen-reader-text\"> \u201dSe dig f\u00f6r, Lotta!: den b\u00e4sta jakten\u201d<\/span><\/a><\/p>\n","protected":false},"author":1,"featured_media":0,"comment_status":"open","ping_status":"open","sticky":false,"template":"","format":"standard","meta":[],"categories":[3],"tags":[9],"featured_image_src":null,"featured_image_src_square":null,"author_info":{"display_name":"Josefine","author_link":"https:\/\/iminbokhylla.se\/?author=1"},"_links":{"self":[{"href":"https:\/\/iminbokhylla.se\/index.php?rest_route=\/wp\/v2\/posts\/501"}],"collection":[{"href":"https:\/\/iminbokhylla.se\/index.php?rest_route=\/wp\/v2\/posts"}],"about":[{"href":"https:\/\/iminbokhylla.se\/index.php?rest_route=\/wp\/v2\/types\/post"}],"author":[{"embeddable":true,"href":"https:\/\/iminbokhylla.se\/index.php?rest_route=\/wp\/v2\/users\/1"}],"replies":[{"embeddable":true,"href":"https:\/\/iminbokhylla.se\/index.php?rest_route=%2Fwp%2Fv2%2Fcomments&post=501"}],"version-history":[{"count":0,"href":"https:\/\/iminbokhylla.se\/index.php?rest_route=\/wp\/v2\/posts\/501\/revisions"}],"wp:attachment":[{"href":"https:\/\/iminbokhylla.se\/index.php?rest_route=%2Fwp%2Fv2%2Fmedia&parent=501"}],"wp:term":[{"taxonomy":"category","embeddable":true,"href":"https:\/\/iminbokhylla.se\/index.php?rest_route=%2Fwp%2Fv2%2Fcategories&post=501"},{"taxonomy":"post_tag","embeddable":true,"href":"https:\/\/iminbokhylla.se\/index.php?rest_route=%2Fwp%2Fv2%2Ftags&post=501"}],"curies":[{"name":"wp","href":"https:\/\/api.w.org\/{rel}","templated":true}]}}