{"id":489,"date":"2011-03-14T19:15:30","date_gmt":"2011-03-14T17:15:30","guid":{"rendered":"https:\/\/iminbokhylla.se\/?p=489"},"modified":"2011-07-27T16:32:58","modified_gmt":"2011-07-27T14:32:58","slug":"den-stora-tidsbristen","status":"publish","type":"post","link":"https:\/\/iminbokhylla.se\/?p=489","title":{"rendered":"Den stora tidsbristen"},"content":{"rendered":"<p>N\u00e4r jag startade I min bokhylla gjorde jag det f\u00f6r att jag brinner f\u00f6r b\u00f6cker och f\u00f6r att jag ville hitta en meningsfull plattform f\u00f6r mitt bokintresse. <\/p>\n<p>I december blev jag pl\u00f6tsligt utan jobb d\u00e5 man valde att l\u00e4gga ned f\u00f6retaget jag arbetade p\u00e5. Min stora plan var d\u00e5 att s\u00f6ka jobb, f\u00f6rhoppningsvis f\u00e5 jobb och sedan ha lite ledig tid innan jag b\u00f6rjade p\u00e5 det nya jobbet. Den lediga tiden skulle jag framf\u00f6rallt \u00e4gna \u00e5t I min bokhylla. Hela januari gick jag p\u00e5 olika jobbm\u00f6ten och den 22\/1 skrev jag p\u00e5 ett anst\u00e4llningsavtal. Och den 1\/2 var det dags att b\u00f6rja. Ingen ledig tid d\u00e4remellan allts\u00e5. (Jag vet, lyxproblem!) Men jag har inte hunnit med det jag ville.<\/p>\n<p>Nu har jag hunnit jobba i en och en halv m\u00e5nad, och \u00e4ven om jag faktiskt hinner l\u00e4sa en del, s\u00e5 blir tiden framf\u00f6r datorn lidande. <\/p>\n<p>N\u00e4sta vecka har jag semester, men efter det ska jag, f\u00f6r sjutton, g\u00f6ra I min bokhylla till det jag vill att den ska vara, en levande, och gl\u00e4djefull bokblogg.<\/p>\n<p>Hoppas ni vill forts\u00e4tta f\u00f6lja med!<\/p>\n","protected":false},"excerpt":{"rendered":"<p>N\u00e4r jag startade I min bokhylla gjorde jag det f\u00f6r att jag brinner f\u00f6r b\u00f6cker och f\u00f6r att jag ville hitta en meningsfull plattform f\u00f6r mitt bokintresse. I december blev jag pl\u00f6tsligt utan jobb d\u00e5 man valde att l\u00e4gga ned f\u00f6retaget jag arbetade p\u00e5. Min stora plan var d\u00e5 att s\u00f6ka jobb, f\u00f6rhoppningsvis f\u00e5 jobb &hellip; <a href=\"https:\/\/iminbokhylla.se\/?p=489\" class=\"more-link\">Forts\u00e4tt l\u00e4sa<span class=\"screen-reader-text\"> \u201dDen stora tidsbristen\u201d<\/span><\/a><\/p>\n","protected":false},"author":1,"featured_media":0,"comment_status":"open","ping_status":"open","sticky":false,"template":"","format":"standard","meta":[],"categories":[4],"tags":[9],"featured_image_src":null,"featured_image_src_square":null,"author_info":{"display_name":"Josefine","author_link":"https:\/\/iminbokhylla.se\/?author=1"},"_links":{"self":[{"href":"https:\/\/iminbokhylla.se\/index.php?rest_route=\/wp\/v2\/posts\/489"}],"collection":[{"href":"https:\/\/iminbokhylla.se\/index.php?rest_route=\/wp\/v2\/posts"}],"about":[{"href":"https:\/\/iminbokhylla.se\/index.php?rest_route=\/wp\/v2\/types\/post"}],"author":[{"embeddable":true,"href":"https:\/\/iminbokhylla.se\/index.php?rest_route=\/wp\/v2\/users\/1"}],"replies":[{"embeddable":true,"href":"https:\/\/iminbokhylla.se\/index.php?rest_route=%2Fwp%2Fv2%2Fcomments&post=489"}],"version-history":[{"count":0,"href":"https:\/\/iminbokhylla.se\/index.php?rest_route=\/wp\/v2\/posts\/489\/revisions"}],"wp:attachment":[{"href":"https:\/\/iminbokhylla.se\/index.php?rest_route=%2Fwp%2Fv2%2Fmedia&parent=489"}],"wp:term":[{"taxonomy":"category","embeddable":true,"href":"https:\/\/iminbokhylla.se\/index.php?rest_route=%2Fwp%2Fv2%2Fcategories&post=489"},{"taxonomy":"post_tag","embeddable":true,"href":"https:\/\/iminbokhylla.se\/index.php?rest_route=%2Fwp%2Fv2%2Ftags&post=489"}],"curies":[{"name":"wp","href":"https:\/\/api.w.org\/{rel}","templated":true}]}}