{"id":4865,"date":"2018-09-27T21:42:52","date_gmt":"2018-09-27T19:42:52","guid":{"rendered":"https:\/\/iminbokhylla.se\/?p=4865"},"modified":"2018-09-27T21:42:53","modified_gmt":"2018-09-27T19:42:53","slug":"bloggen-vaknar-till-liv-dags-for-bokmassan","status":"publish","type":"post","link":"https:\/\/iminbokhylla.se\/?p=4865","title":{"rendered":"Bloggen vaknar till liv &#8211; dags f\u00f6r Bokm\u00e4ssan!"},"content":{"rendered":"<p><img loading=\"lazy\" src=\"https:\/\/iminbokhylla.se\/wp-content\/uploads\/2018\/09\/img_0755.jpg\" class=\"wp-image-4862 size-full\" height=\"1284\" width=\"2048\" srcset=\"https:\/\/iminbokhylla.se\/wp-content\/uploads\/2018\/09\/img_0755.jpg 2048w, https:\/\/iminbokhylla.se\/wp-content\/uploads\/2018\/09\/img_0755-300x188.jpg 300w, https:\/\/iminbokhylla.se\/wp-content\/uploads\/2018\/09\/img_0755-768x482.jpg 768w, https:\/\/iminbokhylla.se\/wp-content\/uploads\/2018\/09\/img_0755-1024x642.jpg 1024w, https:\/\/iminbokhylla.se\/wp-content\/uploads\/2018\/09\/img_0755-1200x752.jpg 1200w\" sizes=\"(max-width: 709px) 85vw, (max-width: 909px) 67vw, (max-width: 1362px) 62vw, 840px\" \/><img loading=\"lazy\" src=\"https:\/\/iminbokhylla.se\/wp-content\/uploads\/2018\/09\/img_0756.jpg\" class=\"size-full wp-image-4863\" height=\"1174\" width=\"2034\" srcset=\"https:\/\/iminbokhylla.se\/wp-content\/uploads\/2018\/09\/img_0756.jpg 2034w, https:\/\/iminbokhylla.se\/wp-content\/uploads\/2018\/09\/img_0756-300x173.jpg 300w, https:\/\/iminbokhylla.se\/wp-content\/uploads\/2018\/09\/img_0756-768x443.jpg 768w, https:\/\/iminbokhylla.se\/wp-content\/uploads\/2018\/09\/img_0756-1024x591.jpg 1024w, https:\/\/iminbokhylla.se\/wp-content\/uploads\/2018\/09\/img_0756-1200x693.jpg 1200w\" sizes=\"(max-width: 709px) 85vw, (max-width: 909px) 67vw, (max-width: 1362px) 62vw, 840px\" \/><\/p>\n<p>S\u00e5 sk\u00f6nt att bo p\u00e5 Gothia, som ligger i samma hus som Bokm\u00e4ssan. Visst, det \u00e4r ett halvsunkigt m\u00e4sshotell, men n\u00e4rheten och enkelheten sl\u00e5r lyxbehovet, \u00e4ven om en h\u00e4rlig hotellounge inte hade skadat.<\/p>\n<p>Som vanligt \u00e4ndrade vi planerna allteftersom dagen fortskred. Hamnade framf\u00f6r en scen med Guillou det f\u00f6rsta vi gjorde. Ingenting vi planerat, men blev st\u00e5ende. Sedan ett v\u00e4ldigt bra snack av \u00c5sa Larsson p\u00e5 Viralgranskaren innan vi tog oss ned en v\u00e5ning f\u00f6r att lyssna p\u00e5 fotografen Jeppe Wickstr\u00f6m (han med fotoboken Staden, ni vet?). Inte alls vad vi trodde, men riktigt bra. Om hur en enkel bildbesk\u00e4rning helt kan \u00e4ndra budskapet i en bild.<\/p>\n<p>Med 40 minuter tillgodo gick vi till Sveriges Radios monter. Usa-podden skulle spelas in live! Tur att vi var tidiga, det blev mer \u00e4n fullt. Bra som vanligt. Sen kom lyxen av att bo p\u00e5 m\u00e4ssan in igen, vi gick till rummet f\u00f6r en paus. Tillbaka till m\u00e4ssan f\u00f6r dagens sista programpunkter: f\u00f6rst Jon Keegan och &#8221;Den visuella journalistikens uppsving i Donald Trumps tidevarv (inte p\u00e5 n\u00e5got s\u00e4tt vad vi trodde, men v\u00e4ldigt bra) och till sist s\u00e5g vi herrarna Mattsson och Helin prata mediekrig.<\/p>\n<p><img loading=\"lazy\" src=\"https:\/\/iminbokhylla.se\/wp-content\/uploads\/2018\/09\/img_0754.jpg\" class=\"size-full wp-image-4864\" height=\"3264\" width=\"3264\" srcset=\"https:\/\/iminbokhylla.se\/wp-content\/uploads\/2018\/09\/img_0754.jpg 3264w, https:\/\/iminbokhylla.se\/wp-content\/uploads\/2018\/09\/img_0754-150x150.jpg 150w, https:\/\/iminbokhylla.se\/wp-content\/uploads\/2018\/09\/img_0754-300x300.jpg 300w, https:\/\/iminbokhylla.se\/wp-content\/uploads\/2018\/09\/img_0754-768x768.jpg 768w, https:\/\/iminbokhylla.se\/wp-content\/uploads\/2018\/09\/img_0754-1024x1024.jpg 1024w, https:\/\/iminbokhylla.se\/wp-content\/uploads\/2018\/09\/img_0754-1200x1200.jpg 1200w\" sizes=\"(max-width: 709px) 85vw, (max-width: 909px) 67vw, (max-width: 1362px) 62vw, 840px\" \/><\/p>\n<p>Bra f\u00f6rsta dag!<\/p>\n<p>F\u00f6rresten, nu finns jag p\u00e5 Instagram! Kolla in @i_min_bokhylla_ d\u00e4r.<\/p>\n","protected":false},"excerpt":{"rendered":"<p>S\u00e5 sk\u00f6nt att bo p\u00e5 Gothia, som ligger i samma hus som Bokm\u00e4ssan. Visst, det \u00e4r ett halvsunkigt m\u00e4sshotell, men n\u00e4rheten och enkelheten sl\u00e5r lyxbehovet, \u00e4ven om en h\u00e4rlig hotellounge inte hade skadat. Som vanligt \u00e4ndrade vi planerna allteftersom dagen fortskred. Hamnade framf\u00f6r en scen med Guillou det f\u00f6rsta vi gjorde. Ingenting vi planerat, men &hellip; <a href=\"https:\/\/iminbokhylla.se\/?p=4865\" class=\"more-link\">Forts\u00e4tt l\u00e4sa<span class=\"screen-reader-text\"> \u201dBloggen vaknar till liv &#8211; dags f\u00f6r Bokm\u00e4ssan!\u201d<\/span><\/a><\/p>\n","protected":false},"author":1,"featured_media":0,"comment_status":"open","ping_status":"open","sticky":false,"template":"","format":"standard","meta":[],"categories":[12],"tags":[9],"featured_image_src":null,"featured_image_src_square":null,"author_info":{"display_name":"Josefine","author_link":"https:\/\/iminbokhylla.se\/?author=1"},"_links":{"self":[{"href":"https:\/\/iminbokhylla.se\/index.php?rest_route=\/wp\/v2\/posts\/4865"}],"collection":[{"href":"https:\/\/iminbokhylla.se\/index.php?rest_route=\/wp\/v2\/posts"}],"about":[{"href":"https:\/\/iminbokhylla.se\/index.php?rest_route=\/wp\/v2\/types\/post"}],"author":[{"embeddable":true,"href":"https:\/\/iminbokhylla.se\/index.php?rest_route=\/wp\/v2\/users\/1"}],"replies":[{"embeddable":true,"href":"https:\/\/iminbokhylla.se\/index.php?rest_route=%2Fwp%2Fv2%2Fcomments&post=4865"}],"version-history":[{"count":0,"href":"https:\/\/iminbokhylla.se\/index.php?rest_route=\/wp\/v2\/posts\/4865\/revisions"}],"wp:attachment":[{"href":"https:\/\/iminbokhylla.se\/index.php?rest_route=%2Fwp%2Fv2%2Fmedia&parent=4865"}],"wp:term":[{"taxonomy":"category","embeddable":true,"href":"https:\/\/iminbokhylla.se\/index.php?rest_route=%2Fwp%2Fv2%2Fcategories&post=4865"},{"taxonomy":"post_tag","embeddable":true,"href":"https:\/\/iminbokhylla.se\/index.php?rest_route=%2Fwp%2Fv2%2Ftags&post=4865"}],"curies":[{"name":"wp","href":"https:\/\/api.w.org\/{rel}","templated":true}]}}