{"id":471,"date":"2011-03-02T15:47:08","date_gmt":"2011-03-02T13:47:08","guid":{"rendered":"https:\/\/iminbokhylla.se\/?p=471"},"modified":"2011-07-27T16:32:58","modified_gmt":"2011-07-27T14:32:58","slug":"vilka-bocker-saljer-bast","status":"publish","type":"post","link":"https:\/\/iminbokhylla.se\/?p=471","title":{"rendered":"Vilka b\u00f6cker s\u00e4ljer b\u00e4st?"},"content":{"rendered":"<p>P\u00e5 <a href=\"http:\/\/www.svb.se\/blog\/en-v\u00e4ldigt-kryddig-rea\"> SvB-bloggen<\/a> ser jag att de b\u00f6cker som g\u00e5r b\u00e4st p\u00e5 rean \u00e4r Spill, Paganinikontraktet, F\u00e5gels\u00e5ng, Vargas Llosa, Hundra\u00e5ringen &#8230;, Den d\u00f6ende detektiven, Kungaboken, Strindbergs stj\u00e4rna och One more slice. I julhandeln s\u00e5lde F\u00e5gels\u00e5ng, Spill, Vargas Llosa, Kungaboken, Paganinikontraktet, Den d\u00f6ende detektiven och Strindbergs stj\u00e4rna b\u00e4st.<\/p>\n<p>F\u00e5gels\u00e5ng har jag haft hemma l\u00e4nge, <a href=\"https:\/\/iminbokhylla.se\/2011\/01\/14\/den-stygga-flickans-rackartyg-jag-vill-aka-till-peru\/\">Vargas Llosa<\/a> och <a href=\"https:\/\/iminbokhylla.se\/2010\/12\/28\/den-motvilliga-monarken-ett-hafsverk\/\">Kungaboken<\/a> har jag l\u00e4st, Hundra\u00e5ringen tycker jag \u00e4r urbra och Spill, Strindbergs stj\u00e4rna samt Paganinikontraktet har jag i Ipaden inf\u00f6r n\u00e4sta semester. <\/p>\n<p>Den d\u00f6ende detektiven och One more slice har jag aldrig h\u00f6rt talas om, m\u00e5ste genast kolla upp! <\/p>\n<p>\u00a0<\/p>\n","protected":false},"excerpt":{"rendered":"<p>P\u00e5 SvB-bloggen ser jag att de b\u00f6cker som g\u00e5r b\u00e4st p\u00e5 rean \u00e4r Spill, Paganinikontraktet, F\u00e5gels\u00e5ng, Vargas Llosa, Hundra\u00e5ringen &#8230;, Den d\u00f6ende detektiven, Kungaboken, Strindbergs stj\u00e4rna och One more slice. I julhandeln s\u00e5lde F\u00e5gels\u00e5ng, Spill, Vargas Llosa, Kungaboken, Paganinikontraktet, Den d\u00f6ende detektiven och Strindbergs stj\u00e4rna b\u00e4st. F\u00e5gels\u00e5ng har jag haft hemma l\u00e4nge, Vargas Llosa och &hellip; <a href=\"https:\/\/iminbokhylla.se\/?p=471\" class=\"more-link\">Forts\u00e4tt l\u00e4sa<span class=\"screen-reader-text\"> \u201dVilka b\u00f6cker s\u00e4ljer b\u00e4st?\u201d<\/span><\/a><\/p>\n","protected":false},"author":1,"featured_media":0,"comment_status":"open","ping_status":"open","sticky":false,"template":"","format":"standard","meta":[],"categories":[4],"tags":[9],"featured_image_src":null,"featured_image_src_square":null,"author_info":{"display_name":"Josefine","author_link":"https:\/\/iminbokhylla.se\/?author=1"},"_links":{"self":[{"href":"https:\/\/iminbokhylla.se\/index.php?rest_route=\/wp\/v2\/posts\/471"}],"collection":[{"href":"https:\/\/iminbokhylla.se\/index.php?rest_route=\/wp\/v2\/posts"}],"about":[{"href":"https:\/\/iminbokhylla.se\/index.php?rest_route=\/wp\/v2\/types\/post"}],"author":[{"embeddable":true,"href":"https:\/\/iminbokhylla.se\/index.php?rest_route=\/wp\/v2\/users\/1"}],"replies":[{"embeddable":true,"href":"https:\/\/iminbokhylla.se\/index.php?rest_route=%2Fwp%2Fv2%2Fcomments&post=471"}],"version-history":[{"count":0,"href":"https:\/\/iminbokhylla.se\/index.php?rest_route=\/wp\/v2\/posts\/471\/revisions"}],"wp:attachment":[{"href":"https:\/\/iminbokhylla.se\/index.php?rest_route=%2Fwp%2Fv2%2Fmedia&parent=471"}],"wp:term":[{"taxonomy":"category","embeddable":true,"href":"https:\/\/iminbokhylla.se\/index.php?rest_route=%2Fwp%2Fv2%2Fcategories&post=471"},{"taxonomy":"post_tag","embeddable":true,"href":"https:\/\/iminbokhylla.se\/index.php?rest_route=%2Fwp%2Fv2%2Ftags&post=471"}],"curies":[{"name":"wp","href":"https:\/\/api.w.org\/{rel}","templated":true}]}}