{"id":438,"date":"2011-02-24T17:23:00","date_gmt":"2011-02-24T15:23:00","guid":{"rendered":"https:\/\/iminbokhylla.se\/?p=438"},"modified":"2011-07-27T16:32:59","modified_gmt":"2011-07-27T14:32:59","slug":"fara-pa-taket-lotta-seriens-enda-deckare","status":"publish","type":"post","link":"https:\/\/iminbokhylla.se\/?p=438","title":{"rendered":"Fara p\u00e5 taket, Lotta!: seriens enda deckare"},"content":{"rendered":"<p><strong>Bok:<\/strong> Fara p\u00e5 taket, Lotta!<br \/>\n<strong>F\u00f6rfattare<\/strong>: Merri Vik (Ester Ringn\u00e9r-Lundgren)<br \/>\n<strong>F\u00f6rlag<\/strong>: B. Wahlstr\u00f6ms f\u00f6rlag<br \/>\n<strong>Sajt<\/strong>: <a href=\"http:\/\/sv.wikipedia.org\/wiki\/Ester_Ringn%C3%A9r-Lundgren\">Wikipedia om f\u00f6rfattaren<\/a><\/p>\n<p>Boken inleds med att f\u00f6rfattaren ber\u00e4ttar vad boken ska handla om, vilket \u00e4r mycket ovanligt i Lottaserien. Ester l\u00e4mnar helt enkelt en liten teaser i b\u00f6rjan och forts\u00e4tter genom boken att kommentera vad som sker utanf\u00f6r Lottas synh\u00e5ll genom sm\u00e5 anm\u00e4rkningar inom parantes. <\/p>\n<p>Fara p\u00e5 taket, Lotta! \u00e4r seriens enda deckarhistoria. Lotta och Giggi \u00e5ker p\u00e5 klassutflykt och n\u00e4r Lotta ska skriva ned n\u00e5gra verser till visan  Hjalmar och Hulda skriver hon den p\u00e5 ett mycket viktigt dokument, som ett g\u00e4ng skurkar sedan f\u00f6rs\u00f6ker f\u00e5 tillbaka med alla medel. <\/p>\n<p><a href=\"http:\/\/www.flickr.com\/photos\/granding\/5390167444\/\" title=\"6 by Granding, on Flickr\"><img loading=\"lazy\" src=\"http:\/\/farm6.static.flickr.com\/5213\/5390167444_5f1a9d6a42.jpg\" width=\"230\" height=\"343\" alt=\"6\" \/><\/a><\/p>\n<p><strong>Betyg:<\/strong><br \/>\nEn av mina absoluta Lottafavoriter! Det \u00e4r en f\u00f6rstaupplaga och eftersom den gavs ut 1960 har den varit inom familjen sedan dess (mamma m\u00e5ste ha f\u00e5tt\/k\u00f6pt den d\u00e5) och den \u00e4r riktigt s\u00f6nderl\u00e4st. En del sidor har helt lossnat. <\/p>\n<p>F\u00f6rutom den annorlunda storyn gillar jag milj\u00f6beskrivningarna och en hel del av dialogen. En klassiker \u00e4r n\u00e4r Lotta rusar in i k\u00f6ket d\u00e4r hela familjen sitter och skriker &#8221;Pappa, jag \u00e4r inblandad!&#8221;. Dramatisk \u00e4r hon allt, Lotta.  <\/p>\n<p><img loading=\"lazy\" src=\"https:\/\/iminbokhylla.se\/betyg_4.png\" width=\"472\" height=\"99\" alt=\"betyg\" \/><\/p>\n","protected":false},"excerpt":{"rendered":"<p>Bok: Fara p\u00e5 taket, Lotta! F\u00f6rfattare: Merri Vik (Ester Ringn\u00e9r-Lundgren) F\u00f6rlag: B. Wahlstr\u00f6ms f\u00f6rlag Sajt: Wikipedia om f\u00f6rfattaren Boken inleds med att f\u00f6rfattaren ber\u00e4ttar vad boken ska handla om, vilket \u00e4r mycket ovanligt i Lottaserien. Ester l\u00e4mnar helt enkelt en liten teaser i b\u00f6rjan och forts\u00e4tter genom boken att kommentera vad som sker utanf\u00f6r Lottas &hellip; <a href=\"https:\/\/iminbokhylla.se\/?p=438\" class=\"more-link\">Forts\u00e4tt l\u00e4sa<span class=\"screen-reader-text\"> \u201dFara p\u00e5 taket, Lotta!: seriens enda deckare\u201d<\/span><\/a><\/p>\n","protected":false},"author":1,"featured_media":0,"comment_status":"open","ping_status":"open","sticky":false,"template":"","format":"standard","meta":[],"categories":[3],"tags":[9],"featured_image_src":null,"featured_image_src_square":null,"author_info":{"display_name":"Josefine","author_link":"https:\/\/iminbokhylla.se\/?author=1"},"_links":{"self":[{"href":"https:\/\/iminbokhylla.se\/index.php?rest_route=\/wp\/v2\/posts\/438"}],"collection":[{"href":"https:\/\/iminbokhylla.se\/index.php?rest_route=\/wp\/v2\/posts"}],"about":[{"href":"https:\/\/iminbokhylla.se\/index.php?rest_route=\/wp\/v2\/types\/post"}],"author":[{"embeddable":true,"href":"https:\/\/iminbokhylla.se\/index.php?rest_route=\/wp\/v2\/users\/1"}],"replies":[{"embeddable":true,"href":"https:\/\/iminbokhylla.se\/index.php?rest_route=%2Fwp%2Fv2%2Fcomments&post=438"}],"version-history":[{"count":0,"href":"https:\/\/iminbokhylla.se\/index.php?rest_route=\/wp\/v2\/posts\/438\/revisions"}],"wp:attachment":[{"href":"https:\/\/iminbokhylla.se\/index.php?rest_route=%2Fwp%2Fv2%2Fmedia&parent=438"}],"wp:term":[{"taxonomy":"category","embeddable":true,"href":"https:\/\/iminbokhylla.se\/index.php?rest_route=%2Fwp%2Fv2%2Fcategories&post=438"},{"taxonomy":"post_tag","embeddable":true,"href":"https:\/\/iminbokhylla.se\/index.php?rest_route=%2Fwp%2Fv2%2Ftags&post=438"}],"curies":[{"name":"wp","href":"https:\/\/api.w.org\/{rel}","templated":true}]}}