{"id":4376,"date":"2014-12-24T08:10:45","date_gmt":"2014-12-24T06:10:45","guid":{"rendered":"https:\/\/iminbokhylla.se\/?p=4376"},"modified":"2014-12-24T09:03:39","modified_gmt":"2014-12-24T07:03:39","slug":"god-jul-3","status":"publish","type":"post","link":"https:\/\/iminbokhylla.se\/?p=4376","title":{"rendered":"God jul!"},"content":{"rendered":"<p>Inledde dagen p\u00e5 b\u00e4sta s\u00e4tt. God jul \u00f6nskar jag och mitt tomtebokm\u00e4rke!<\/p>\n<p><a href=\"https:\/\/www.flickr.com\/photos\/granding\/15907222587\/\" title=\"Inledde dagen p\u00e5 b\u00e4sta s\u00e4tt. God jul \u00f6nskar jag och mitt tomtebokm\u00e4rke! by Granding, on Flickr\"><img loading=\"lazy\" src=\"https:\/\/farm9.staticflickr.com\/8593\/15907222587_fbae49a0b4.jpg\" width=\"500\" height=\"500\" alt=\"Inledde dagen p\u00e5 b\u00e4sta s\u00e4tt. God jul \u00f6nskar jag och mitt tomtebokm\u00e4rke!\"><\/a><\/p>\n","protected":false},"excerpt":{"rendered":"<p>Inledde dagen p\u00e5 b\u00e4sta s\u00e4tt. God jul \u00f6nskar jag och mitt tomtebokm\u00e4rke!<\/p>\n","protected":false},"author":1,"featured_media":0,"comment_status":"open","ping_status":"open","sticky":false,"template":"","format":"standard","meta":[],"categories":[4],"tags":[9],"featured_image_src":null,"featured_image_src_square":null,"author_info":{"display_name":"Josefine","author_link":"https:\/\/iminbokhylla.se\/?author=1"},"_links":{"self":[{"href":"https:\/\/iminbokhylla.se\/index.php?rest_route=\/wp\/v2\/posts\/4376"}],"collection":[{"href":"https:\/\/iminbokhylla.se\/index.php?rest_route=\/wp\/v2\/posts"}],"about":[{"href":"https:\/\/iminbokhylla.se\/index.php?rest_route=\/wp\/v2\/types\/post"}],"author":[{"embeddable":true,"href":"https:\/\/iminbokhylla.se\/index.php?rest_route=\/wp\/v2\/users\/1"}],"replies":[{"embeddable":true,"href":"https:\/\/iminbokhylla.se\/index.php?rest_route=%2Fwp%2Fv2%2Fcomments&post=4376"}],"version-history":[{"count":0,"href":"https:\/\/iminbokhylla.se\/index.php?rest_route=\/wp\/v2\/posts\/4376\/revisions"}],"wp:attachment":[{"href":"https:\/\/iminbokhylla.se\/index.php?rest_route=%2Fwp%2Fv2%2Fmedia&parent=4376"}],"wp:term":[{"taxonomy":"category","embeddable":true,"href":"https:\/\/iminbokhylla.se\/index.php?rest_route=%2Fwp%2Fv2%2Fcategories&post=4376"},{"taxonomy":"post_tag","embeddable":true,"href":"https:\/\/iminbokhylla.se\/index.php?rest_route=%2Fwp%2Fv2%2Ftags&post=4376"}],"curies":[{"name":"wp","href":"https:\/\/api.w.org\/{rel}","templated":true}]}}