{"id":4359,"date":"2014-10-07T08:05:31","date_gmt":"2014-10-07T06:05:31","guid":{"rendered":"https:\/\/iminbokhylla.se\/?p=4359"},"modified":"2014-10-06T22:06:34","modified_gmt":"2014-10-06T20:06:34","slug":"i-somras-blev-det-en-bok-box","status":"publish","type":"post","link":"https:\/\/iminbokhylla.se\/?p=4359","title":{"rendered":"I somras blev det en bok-box"},"content":{"rendered":"<p><strong>Bok:<\/strong> Serien om A-gruppen, totalt 14 b\u00f6cker<br \/>\n<strong>F\u00f6rfattare:<\/strong> Arne Dahl (Jan Arnald)<\/p>\n<p>I sommar har jag inte tittat p\u00e5 TV-box. Ist\u00e4llet har l\u00e4st en bok-box, n\u00e4mligen kriminalserien om specialenheten f\u00f6r \u201dv\u00e5ldsbrott av internationell art\u201d, A-gruppen av Arne Dahl.<\/p>\n<p><a href=\"https:\/\/iminbokhylla.se\/wp-content\/uploads\/2014\/10\/B\u00f6cker.jpg\"><img loading=\"lazy\" src=\"https:\/\/iminbokhylla.se\/wp-content\/uploads\/2014\/10\/B\u00f6cker-300x179.jpg\" alt=\"B\u00f6cker\" width=\"300\" height=\"179\" class=\"alignnone size-medium wp-image-4361\" srcset=\"https:\/\/iminbokhylla.se\/wp-content\/uploads\/2014\/10\/B\u00f6cker-300x179.jpg 300w, https:\/\/iminbokhylla.se\/wp-content\/uploads\/2014\/10\/B\u00f6cker.jpg 400w\" sizes=\"(max-width: 300px) 85vw, 300px\" \/><\/a><\/p>\n<p>Serien best\u00e5r av 14 b\u00f6cker, de f\u00f6rsta tio handlar om brott som skett i Sverige med svenska poliser och de f\u00f6ljande fyra utspelar sig i huvudsak utanf\u00f6r Sverige med betydligt v\u00e5ldsammare och st\u00f6rre brott. D\u00e5 har ocks\u00e5 ett par av huvudfigurerna i A-gruppen flyttat till Haag och uppg\u00e5tt i Opcop, den hemliga polisgruppen inom EU som ocks\u00e5 har r\u00e4tt att agera polisi\u00e4rt mot brottslingar. Brotten \u00e4r spektakul\u00e4ra.<br \/>\nArne Dahl \u00e4r pseudonym f\u00f6r Jan Arnald. Det \u00e4r otroligt v\u00e4lskrivet: hans poliser, som alla har v\u00e4ldigt olika karakt\u00e4r, k\u00e4nns som gamla bekanta efter n\u00e5gra b\u00f6cker eftersom han ocks\u00e5 skildrar deras privatliv p\u00e5 ett naturligt s\u00e4tt.<\/p>\n<p>Dahl har ocks\u00e5 en torr humor i b\u00f6ckerna blandat med ironiska kommentarer vilket g\u00f6r att man faktiskt skrattar ibland. Han f\u00f6rmedlar ocks\u00e5, likt Sj\u00f6vall\/Wahl\u00f6\u00f6, sin samh\u00e4llskritik genom framf\u00f6rallt en av poliserna, Arto S\u00f6derstedts, mun. Att de \u00e4r lite lika Sj\u00f6vall\/Wahl\u00f6\u00f6s polisromaner, n\u00e5got som g\u00f6r att jag gillar dem \u00e4nnu b\u00e4ttre .<\/p>\n<p>F\u00f6r f\u00f6rsta g\u00e5ngen ger jag betyg 5 och det g\u00e4ller alla fjorton b\u00f6cker som ing\u00e5r i serien.<br \/>\nDe fem f\u00f6rsta b\u00f6ckerna har spelats in f\u00f6r TV. De f\u00f6ljer b\u00f6ckerna ganska bra. Eftersom b\u00f6ckerna \u00e4r r\u00e4tt l\u00e5gm\u00e4lda och inte har s\u00e5 mycket att g\u00f6ra actionscener av (f\u00f6rutom de fyra sista om Opcop) s\u00e5 kan de, om man inte l\u00e4st b\u00f6ckerna, kanske bli lite tr\u00e5kiga ibland. Men de har lyckats perfekt med castingen, alla huvudpersoner \u00e4r exakt som jag sett dem framf\u00f6r mig n\u00e4r jag l\u00e4st b\u00f6ckerna och de agerar helt enligt bokf\u00f6rlagan.<br \/>\nL\u00e4ser att de f\u00f6ljande fem b\u00f6ckerna nu filmas och att de kommer att s\u00e4ndas under 2015. Det tackar jag f\u00f6r.<\/p>\n<p><img loading=\"lazy\" src=\"https:\/\/iminbokhylla.se\/betyg_5.png\" alt=\"betyg\" width=\"472\" height=\"99\" \/><\/p>\n","protected":false},"excerpt":{"rendered":"<p>Bok: Serien om A-gruppen, totalt 14 b\u00f6cker F\u00f6rfattare: Arne Dahl (Jan Arnald) I sommar har jag inte tittat p\u00e5 TV-box. Ist\u00e4llet har l\u00e4st en bok-box, n\u00e4mligen kriminalserien om specialenheten f\u00f6r \u201dv\u00e5ldsbrott av internationell art\u201d, A-gruppen av Arne Dahl. Serien best\u00e5r av 14 b\u00f6cker, de f\u00f6rsta tio handlar om brott som skett i Sverige med svenska &hellip; <a href=\"https:\/\/iminbokhylla.se\/?p=4359\" class=\"more-link\">Forts\u00e4tt l\u00e4sa<span class=\"screen-reader-text\"> \u201dI somras blev det en bok-box\u201d<\/span><\/a><\/p>\n","protected":false},"author":3,"featured_media":0,"comment_status":"open","ping_status":"open","sticky":false,"template":"","format":"standard","meta":[],"categories":[3],"tags":[10],"featured_image_src":null,"featured_image_src_square":null,"author_info":{"display_name":"Monica","author_link":"https:\/\/iminbokhylla.se\/?author=3"},"_links":{"self":[{"href":"https:\/\/iminbokhylla.se\/index.php?rest_route=\/wp\/v2\/posts\/4359"}],"collection":[{"href":"https:\/\/iminbokhylla.se\/index.php?rest_route=\/wp\/v2\/posts"}],"about":[{"href":"https:\/\/iminbokhylla.se\/index.php?rest_route=\/wp\/v2\/types\/post"}],"author":[{"embeddable":true,"href":"https:\/\/iminbokhylla.se\/index.php?rest_route=\/wp\/v2\/users\/3"}],"replies":[{"embeddable":true,"href":"https:\/\/iminbokhylla.se\/index.php?rest_route=%2Fwp%2Fv2%2Fcomments&post=4359"}],"version-history":[{"count":0,"href":"https:\/\/iminbokhylla.se\/index.php?rest_route=\/wp\/v2\/posts\/4359\/revisions"}],"wp:attachment":[{"href":"https:\/\/iminbokhylla.se\/index.php?rest_route=%2Fwp%2Fv2%2Fmedia&parent=4359"}],"wp:term":[{"taxonomy":"category","embeddable":true,"href":"https:\/\/iminbokhylla.se\/index.php?rest_route=%2Fwp%2Fv2%2Fcategories&post=4359"},{"taxonomy":"post_tag","embeddable":true,"href":"https:\/\/iminbokhylla.se\/index.php?rest_route=%2Fwp%2Fv2%2Ftags&post=4359"}],"curies":[{"name":"wp","href":"https:\/\/api.w.org\/{rel}","templated":true}]}}