{"id":4320,"date":"2014-09-11T18:03:12","date_gmt":"2014-09-11T16:03:12","guid":{"rendered":"https:\/\/iminbokhylla.se\/?p=4320"},"modified":"2014-09-22T08:26:45","modified_gmt":"2014-09-22T06:26:45","slug":"upp-och-ned","status":"publish","type":"post","link":"https:\/\/iminbokhylla.se\/?p=4320","title":{"rendered":"Upp och ned &#8230;"},"content":{"rendered":"<p>I augusti l\u00e4ste jag, och l\u00e4ste, och l\u00e4ste, och l\u00e4ste. I september har jag l\u00e4st 7 sidor. Just nu sitter jag fast i en bok som inte f\u00e5ngat mig (och det hj\u00e4lper inte att en v\u00e4n deklarerat att det \u00e4r den s\u00e4msta bok hon l\u00e4st), och d\u00e5 l\u00e4ser jag ingenting. <\/p>\n<p><strong>Har ni ocks\u00e5 s\u00e5dana upp- och nedg\u00e5ngar? Eller l\u00e4ser ni bara p\u00e5 i j\u00e4mn takt?<\/strong><\/p>\n","protected":false},"excerpt":{"rendered":"<p>I augusti l\u00e4ste jag, och l\u00e4ste, och l\u00e4ste, och l\u00e4ste. I september har jag l\u00e4st 7 sidor. Just nu sitter jag fast i en bok som inte f\u00e5ngat mig (och det hj\u00e4lper inte att en v\u00e4n deklarerat att det \u00e4r den s\u00e4msta bok hon l\u00e4st), och d\u00e5 l\u00e4ser jag ingenting. Har ni ocks\u00e5 s\u00e5dana upp- &hellip; <a href=\"https:\/\/iminbokhylla.se\/?p=4320\" class=\"more-link\">Forts\u00e4tt l\u00e4sa<span class=\"screen-reader-text\"> \u201dUpp och ned &#8230;\u201d<\/span><\/a><\/p>\n","protected":false},"author":1,"featured_media":0,"comment_status":"open","ping_status":"open","sticky":false,"template":"","format":"standard","meta":[],"categories":[4],"tags":[9],"featured_image_src":null,"featured_image_src_square":null,"author_info":{"display_name":"Josefine","author_link":"https:\/\/iminbokhylla.se\/?author=1"},"_links":{"self":[{"href":"https:\/\/iminbokhylla.se\/index.php?rest_route=\/wp\/v2\/posts\/4320"}],"collection":[{"href":"https:\/\/iminbokhylla.se\/index.php?rest_route=\/wp\/v2\/posts"}],"about":[{"href":"https:\/\/iminbokhylla.se\/index.php?rest_route=\/wp\/v2\/types\/post"}],"author":[{"embeddable":true,"href":"https:\/\/iminbokhylla.se\/index.php?rest_route=\/wp\/v2\/users\/1"}],"replies":[{"embeddable":true,"href":"https:\/\/iminbokhylla.se\/index.php?rest_route=%2Fwp%2Fv2%2Fcomments&post=4320"}],"version-history":[{"count":0,"href":"https:\/\/iminbokhylla.se\/index.php?rest_route=\/wp\/v2\/posts\/4320\/revisions"}],"wp:attachment":[{"href":"https:\/\/iminbokhylla.se\/index.php?rest_route=%2Fwp%2Fv2%2Fmedia&parent=4320"}],"wp:term":[{"taxonomy":"category","embeddable":true,"href":"https:\/\/iminbokhylla.se\/index.php?rest_route=%2Fwp%2Fv2%2Fcategories&post=4320"},{"taxonomy":"post_tag","embeddable":true,"href":"https:\/\/iminbokhylla.se\/index.php?rest_route=%2Fwp%2Fv2%2Ftags&post=4320"}],"curies":[{"name":"wp","href":"https:\/\/api.w.org\/{rel}","templated":true}]}}