{"id":4309,"date":"2014-08-30T08:04:39","date_gmt":"2014-08-30T06:04:39","guid":{"rendered":"https:\/\/iminbokhylla.se\/?p=4309"},"modified":"2014-08-24T18:05:09","modified_gmt":"2014-08-24T16:05:09","slug":"lana-las-med-akademibokhandeln","status":"publish","type":"post","link":"https:\/\/iminbokhylla.se\/?p=4309","title":{"rendered":"L\u00e5na &#038; L\u00e4s med Akademibokhandeln"},"content":{"rendered":"<p>Under n\u00e5gra \u00e5r har jag (Monica) g\u00e5tt med i L\u00e5na &#038; L\u00e4s. Fr\u00e5n f\u00f6rsta september till sista augusti kan man genom att betala 399 kr f\u00e5 tillg\u00e5ng till totalt 55 b\u00f6cker under ett \u00e5r. Man g\u00e5r in p\u00e5 en Akademibokhandel, tar hem en bok, l\u00e4ser, och l\u00e4mnar tillbaka samt tar en ny bok. Den sista boken f\u00e5r man beh\u00e5lla.<\/p>\n<p>Det har varit en blandning av k\u00e4nda och kanske mindre k\u00e4nda f\u00f6rfattare. Men i \u00e5r blev jag lite besviken. Jag l\u00e4ser mycket och blandar g\u00e4rna (f\u00f6r mig) nya f\u00f6rfattare med \u201dgamla\u201d. F\u00f6rs\u00f6ker ocks\u00e5 l\u00e4sa recensioner och artiklar om nyutkomna b\u00f6cker. Men av de f\u00f6rfattare som presenteras i \u00e5rets katalog k\u00e4nde jag inte igen m\u00e5nga. D\u00e4rf\u00f6r t\u00e4nkte jag f\u00f6rst hoppa \u00f6ver detta \u00e5r men \u00e4nd\u00e5, kanske inte? Ist\u00e4llet f\u00f6r att b\u00f6rja med de jag trots allt k\u00e4nner igen s\u00e5 t\u00e4nker jag att jag g\u00e5r i bokstavsordning. Och verkligen f\u00f6rs\u00f6ker ta till mig och l\u00e4sa varje bok med \u00f6ppna \u00f6gon. Kanske hittar jag nya favoriter.<\/p>\n<p>Det blir nog s\u00e5 i alla fall. Jag \u00e4lskar ju att l\u00e4sa. M\u00e5ste ha minst en bok p\u00e5 g\u00e5ng och d\u00e5 k\u00e4nns L\u00e5na &#038; L\u00e4s som ett bra alternativ. Jag kan ju inte alltid k\u00f6pa nya b\u00f6cker. Bokhyllorna r\u00e4cker inte till.<\/p>\n","protected":false},"excerpt":{"rendered":"<p>Under n\u00e5gra \u00e5r har jag (Monica) g\u00e5tt med i L\u00e5na &#038; L\u00e4s. Fr\u00e5n f\u00f6rsta september till sista augusti kan man genom att betala 399 kr f\u00e5 tillg\u00e5ng till totalt 55 b\u00f6cker under ett \u00e5r. Man g\u00e5r in p\u00e5 en Akademibokhandel, tar hem en bok, l\u00e4ser, och l\u00e4mnar tillbaka samt tar en ny bok. Den sista &hellip; <a href=\"https:\/\/iminbokhylla.se\/?p=4309\" class=\"more-link\">Forts\u00e4tt l\u00e4sa<span class=\"screen-reader-text\"> \u201dL\u00e5na &#038; L\u00e4s med Akademibokhandeln\u201d<\/span><\/a><\/p>\n","protected":false},"author":3,"featured_media":0,"comment_status":"open","ping_status":"open","sticky":false,"template":"","format":"standard","meta":[],"categories":[4],"tags":[10],"featured_image_src":null,"featured_image_src_square":null,"author_info":{"display_name":"Monica","author_link":"https:\/\/iminbokhylla.se\/?author=3"},"_links":{"self":[{"href":"https:\/\/iminbokhylla.se\/index.php?rest_route=\/wp\/v2\/posts\/4309"}],"collection":[{"href":"https:\/\/iminbokhylla.se\/index.php?rest_route=\/wp\/v2\/posts"}],"about":[{"href":"https:\/\/iminbokhylla.se\/index.php?rest_route=\/wp\/v2\/types\/post"}],"author":[{"embeddable":true,"href":"https:\/\/iminbokhylla.se\/index.php?rest_route=\/wp\/v2\/users\/3"}],"replies":[{"embeddable":true,"href":"https:\/\/iminbokhylla.se\/index.php?rest_route=%2Fwp%2Fv2%2Fcomments&post=4309"}],"version-history":[{"count":0,"href":"https:\/\/iminbokhylla.se\/index.php?rest_route=\/wp\/v2\/posts\/4309\/revisions"}],"wp:attachment":[{"href":"https:\/\/iminbokhylla.se\/index.php?rest_route=%2Fwp%2Fv2%2Fmedia&parent=4309"}],"wp:term":[{"taxonomy":"category","embeddable":true,"href":"https:\/\/iminbokhylla.se\/index.php?rest_route=%2Fwp%2Fv2%2Fcategories&post=4309"},{"taxonomy":"post_tag","embeddable":true,"href":"https:\/\/iminbokhylla.se\/index.php?rest_route=%2Fwp%2Fv2%2Ftags&post=4309"}],"curies":[{"name":"wp","href":"https:\/\/api.w.org\/{rel}","templated":true}]}}