{"id":4303,"date":"2014-08-20T07:52:05","date_gmt":"2014-08-20T05:52:05","guid":{"rendered":"https:\/\/iminbokhylla.se\/?p=4303"},"modified":"2014-08-20T17:16:51","modified_gmt":"2014-08-20T15:16:51","slug":"lasa-i-mobilen","status":"publish","type":"post","link":"https:\/\/iminbokhylla.se\/?p=4303","title":{"rendered":"L\u00e4sa i mobilen?"},"content":{"rendered":"<p>Jag har med \u00e5ren insett att jag inte bryr mig s\u00e5 mycket om formatet p\u00e5 en bok. Det viktigaste f\u00f6r mig \u00e4r verkligen inneh\u00e5llet. Sj\u00e4lvklart \u00e4r en bok med st\u00f6rre bokst\u00e4ver sk\u00f6nare f\u00f6r \u00f6gonen att l\u00e4sa, men n\u00e4r jag v\u00e4l b\u00f6rjat t\u00e4nker jag inte ens p\u00e5 om det \u00e4r en inbunden bok, en e-bok i ipaden, en pocket eller en Excessbok. Eller en bok i mobilen, visade det sig.<\/p>\n<p>Sista dagarna p\u00e5 semestern hittade vi till en strand vid en sj\u00f6. Eftersom jag just d\u00e5 h\u00f6ll p\u00e5 med en serie e-b\u00f6cker och jag inte ville ta med mig ipaden (pga st\u00f6ldrisk n\u00e4r vi skulle bada) tog jag med en pappersbok. V\u00e4l liggandes p\u00e5 filten k\u00e4nde jag dock att jag inte alls ville l\u00e4sa den, jag ville ju forts\u00e4tta med serien jag precis l\u00e4st ut f\u00f6rsta boken i. Fram med mobilen, in p\u00e5 biblioteket och sedan l\u00e5g jag och l\u00e4ste p\u00e5 mobilsk\u00e4rmen i en hel dag! Det trodde jag aldrig. Men jag t\u00e4nkte inte ens p\u00e5 att det var en liten sk\u00e4rm och att boken blev m\u00e5nga sidor. Det funkade hur bra som helst.<\/p>\n<p>Nu funderar jag p\u00e5 att g\u00e5 \u00f6ver till e-b\u00f6cker mer och mer och att d\u00e5 synka b\u00f6ckerna mellan enheterna s\u00e5 jag kan l\u00e4sa min vanliga bok i mobilen p\u00e5 v\u00e4g till och fr\u00e5n jobbet &#8230;<\/p>\n","protected":false},"excerpt":{"rendered":"<p>Jag har med \u00e5ren insett att jag inte bryr mig s\u00e5 mycket om formatet p\u00e5 en bok. Det viktigaste f\u00f6r mig \u00e4r verkligen inneh\u00e5llet. Sj\u00e4lvklart \u00e4r en bok med st\u00f6rre bokst\u00e4ver sk\u00f6nare f\u00f6r \u00f6gonen att l\u00e4sa, men n\u00e4r jag v\u00e4l b\u00f6rjat t\u00e4nker jag inte ens p\u00e5 om det \u00e4r en inbunden bok, en e-bok i &hellip; <a href=\"https:\/\/iminbokhylla.se\/?p=4303\" class=\"more-link\">Forts\u00e4tt l\u00e4sa<span class=\"screen-reader-text\"> \u201dL\u00e4sa i mobilen?\u201d<\/span><\/a><\/p>\n","protected":false},"author":1,"featured_media":0,"comment_status":"open","ping_status":"open","sticky":false,"template":"","format":"standard","meta":[],"categories":[4],"tags":[9],"featured_image_src":null,"featured_image_src_square":null,"author_info":{"display_name":"Josefine","author_link":"https:\/\/iminbokhylla.se\/?author=1"},"_links":{"self":[{"href":"https:\/\/iminbokhylla.se\/index.php?rest_route=\/wp\/v2\/posts\/4303"}],"collection":[{"href":"https:\/\/iminbokhylla.se\/index.php?rest_route=\/wp\/v2\/posts"}],"about":[{"href":"https:\/\/iminbokhylla.se\/index.php?rest_route=\/wp\/v2\/types\/post"}],"author":[{"embeddable":true,"href":"https:\/\/iminbokhylla.se\/index.php?rest_route=\/wp\/v2\/users\/1"}],"replies":[{"embeddable":true,"href":"https:\/\/iminbokhylla.se\/index.php?rest_route=%2Fwp%2Fv2%2Fcomments&post=4303"}],"version-history":[{"count":0,"href":"https:\/\/iminbokhylla.se\/index.php?rest_route=\/wp\/v2\/posts\/4303\/revisions"}],"wp:attachment":[{"href":"https:\/\/iminbokhylla.se\/index.php?rest_route=%2Fwp%2Fv2%2Fmedia&parent=4303"}],"wp:term":[{"taxonomy":"category","embeddable":true,"href":"https:\/\/iminbokhylla.se\/index.php?rest_route=%2Fwp%2Fv2%2Fcategories&post=4303"},{"taxonomy":"post_tag","embeddable":true,"href":"https:\/\/iminbokhylla.se\/index.php?rest_route=%2Fwp%2Fv2%2Ftags&post=4303"}],"curies":[{"name":"wp","href":"https:\/\/api.w.org\/{rel}","templated":true}]}}