{"id":4279,"date":"2014-08-19T07:24:04","date_gmt":"2014-08-19T05:24:04","guid":{"rendered":"https:\/\/iminbokhylla.se\/?p=4279"},"modified":"2014-08-18T15:27:39","modified_gmt":"2014-08-18T13:27:39","slug":"hej-igen","status":"publish","type":"post","link":"https:\/\/iminbokhylla.se\/?p=4279","title":{"rendered":"Hej igen?"},"content":{"rendered":"<p>H\u00e4r h\u00e4nder det inte mycket, som ni m\u00e4rkt. N\u00e4r min mormor dog i februari f\u00f6rsvann lusten att bokblogga med henne. Jag har knappt ens f\u00f6rm\u00e5tt mig att t\u00e4nka p\u00e5 bloggen. Men nu kanske det \u00e4r dags?<\/p>\n<p>S\u00e5, vad har h\u00e4nt? Idag har det g\u00e5tt precis ett halv\u00e5r, s\u00e5 mycket f\u00f6rst\u00e5s. Och lite har jag ju bloggat. Semestern \u00e4r slut i alla fall. Bara tre veckor den h\u00e4r sommaren (vi sparar semesterdagar f\u00f6r att kunna \u00e5ka p\u00e5 en l\u00e5ng br\u00f6llopsresa i november). Vi var bortresta en vecka och hemma resten av tiden (vi sparar \u00e4ven pengar till br\u00f6llopsresan). <\/p>\n<p>Jag har n\u00e5tt mitt \u00e5rsm\u00e5l med l\u00e4sningen! Jag s\u00e4tter ju alltid m\u00e5let 52 b\u00f6cker per \u00e5r, och under mina bokbloggande \u00e5r har jag alltid n\u00e5tt detta: 113 b\u00f6cker 2011, 92 b\u00f6cker 2012, 64 b\u00f6cker 2013 och hittills 53 under 2014. 23 av dem under sommaren.<\/p>\n<p>Just nu \u00e4r jag inne i en intensiv l\u00e4speriod. Det \u00e4r den 19 idag och jag har redan l\u00e4st \u00e5tta b\u00f6cker i augusti. M\u00e5nga av dem p\u00e5 ipaden! <\/p>\n<p>Ja, pl\u00f6tsligt l\u00e4ser jag allt p\u00e5 ipaden. Och det \u00e4r underbart. En enda nackdel hittar jag, och att det \u00e4r att den ibland har batteribrist n\u00e4r jag vill l\u00e4sa. <\/p>\n<p>Jaha. Vi ses lite oftare fram\u00f6ver?<\/p>\n","protected":false},"excerpt":{"rendered":"<p>H\u00e4r h\u00e4nder det inte mycket, som ni m\u00e4rkt. N\u00e4r min mormor dog i februari f\u00f6rsvann lusten att bokblogga med henne. Jag har knappt ens f\u00f6rm\u00e5tt mig att t\u00e4nka p\u00e5 bloggen. Men nu kanske det \u00e4r dags? S\u00e5, vad har h\u00e4nt? Idag har det g\u00e5tt precis ett halv\u00e5r, s\u00e5 mycket f\u00f6rst\u00e5s. Och lite har jag ju &hellip; <a href=\"https:\/\/iminbokhylla.se\/?p=4279\" class=\"more-link\">Forts\u00e4tt l\u00e4sa<span class=\"screen-reader-text\"> \u201dHej igen?\u201d<\/span><\/a><\/p>\n","protected":false},"author":1,"featured_media":0,"comment_status":"open","ping_status":"open","sticky":false,"template":"","format":"standard","meta":[],"categories":[4],"tags":[9],"featured_image_src":null,"featured_image_src_square":null,"author_info":{"display_name":"Josefine","author_link":"https:\/\/iminbokhylla.se\/?author=1"},"_links":{"self":[{"href":"https:\/\/iminbokhylla.se\/index.php?rest_route=\/wp\/v2\/posts\/4279"}],"collection":[{"href":"https:\/\/iminbokhylla.se\/index.php?rest_route=\/wp\/v2\/posts"}],"about":[{"href":"https:\/\/iminbokhylla.se\/index.php?rest_route=\/wp\/v2\/types\/post"}],"author":[{"embeddable":true,"href":"https:\/\/iminbokhylla.se\/index.php?rest_route=\/wp\/v2\/users\/1"}],"replies":[{"embeddable":true,"href":"https:\/\/iminbokhylla.se\/index.php?rest_route=%2Fwp%2Fv2%2Fcomments&post=4279"}],"version-history":[{"count":0,"href":"https:\/\/iminbokhylla.se\/index.php?rest_route=\/wp\/v2\/posts\/4279\/revisions"}],"wp:attachment":[{"href":"https:\/\/iminbokhylla.se\/index.php?rest_route=%2Fwp%2Fv2%2Fmedia&parent=4279"}],"wp:term":[{"taxonomy":"category","embeddable":true,"href":"https:\/\/iminbokhylla.se\/index.php?rest_route=%2Fwp%2Fv2%2Fcategories&post=4279"},{"taxonomy":"post_tag","embeddable":true,"href":"https:\/\/iminbokhylla.se\/index.php?rest_route=%2Fwp%2Fv2%2Ftags&post=4279"}],"curies":[{"name":"wp","href":"https:\/\/api.w.org\/{rel}","templated":true}]}}