{"id":4265,"date":"2014-07-16T11:25:26","date_gmt":"2014-07-16T09:25:26","guid":{"rendered":"https:\/\/iminbokhylla.se\/?p=4265"},"modified":"2014-07-15T23:28:37","modified_gmt":"2014-07-15T21:28:37","slug":"semesterbockerna-utlasta-och-semestern-har-inte-borjat","status":"publish","type":"post","link":"https:\/\/iminbokhylla.se\/?p=4265","title":{"rendered":"Semesterb\u00f6ckerna utl\u00e4sta. Och semestern har inte b\u00f6rjat."},"content":{"rendered":"<p>Lyxade till det och k\u00f6pte pocketb\u00f6cker till semestern. Fick presentkort p\u00e5 Adlibris och slog till med inte mindre \u00e4n fyra b\u00f6cker. <\/p>\n<p><a href=\"https:\/\/iminbokhylla.se\/wp-content\/uploads\/2014\/07\/20140715-232657-84417147.jpg\"><img src=\"https:\/\/iminbokhylla.se\/wp-content\/uploads\/2014\/07\/20140715-232657-84417147.jpg\" alt=\"20140715-232657-84417147.jpg\" class=\"alignnone size-full\" \/><\/a><\/p>\n<p>Nu \u00e4r alla utl\u00e4sta och semestern har inte ens b\u00f6rjat. S\u00e5 v\u00e4rt det.<\/p>\n","protected":false},"excerpt":{"rendered":"<p>Lyxade till det och k\u00f6pte pocketb\u00f6cker till semestern. Fick presentkort p\u00e5 Adlibris och slog till med inte mindre \u00e4n fyra b\u00f6cker. Nu \u00e4r alla utl\u00e4sta och semestern har inte ens b\u00f6rjat. S\u00e5 v\u00e4rt det.<\/p>\n","protected":false},"author":1,"featured_media":0,"comment_status":"open","ping_status":"open","sticky":false,"template":"","format":"standard","meta":[],"categories":[4],"tags":[9],"featured_image_src":null,"featured_image_src_square":null,"author_info":{"display_name":"Josefine","author_link":"https:\/\/iminbokhylla.se\/?author=1"},"_links":{"self":[{"href":"https:\/\/iminbokhylla.se\/index.php?rest_route=\/wp\/v2\/posts\/4265"}],"collection":[{"href":"https:\/\/iminbokhylla.se\/index.php?rest_route=\/wp\/v2\/posts"}],"about":[{"href":"https:\/\/iminbokhylla.se\/index.php?rest_route=\/wp\/v2\/types\/post"}],"author":[{"embeddable":true,"href":"https:\/\/iminbokhylla.se\/index.php?rest_route=\/wp\/v2\/users\/1"}],"replies":[{"embeddable":true,"href":"https:\/\/iminbokhylla.se\/index.php?rest_route=%2Fwp%2Fv2%2Fcomments&post=4265"}],"version-history":[{"count":0,"href":"https:\/\/iminbokhylla.se\/index.php?rest_route=\/wp\/v2\/posts\/4265\/revisions"}],"wp:attachment":[{"href":"https:\/\/iminbokhylla.se\/index.php?rest_route=%2Fwp%2Fv2%2Fmedia&parent=4265"}],"wp:term":[{"taxonomy":"category","embeddable":true,"href":"https:\/\/iminbokhylla.se\/index.php?rest_route=%2Fwp%2Fv2%2Fcategories&post=4265"},{"taxonomy":"post_tag","embeddable":true,"href":"https:\/\/iminbokhylla.se\/index.php?rest_route=%2Fwp%2Fv2%2Ftags&post=4265"}],"curies":[{"name":"wp","href":"https:\/\/api.w.org\/{rel}","templated":true}]}}