{"id":4224,"date":"2014-05-07T11:06:46","date_gmt":"2014-05-07T09:06:46","guid":{"rendered":"https:\/\/iminbokhylla.se\/?p=4224"},"modified":"2014-05-07T11:07:41","modified_gmt":"2014-05-07T09:07:41","slug":"boktips-exkollega-har-antligen-slappt-sin-bok","status":"publish","type":"post","link":"https:\/\/iminbokhylla.se\/?p=4224","title":{"rendered":"Boktips: exkollega har \u00e4ntligen sl\u00e4ppt sin bok"},"content":{"rendered":"<p>Som ni kanske kommer ih\u00e5g vill jag inte <a href=\"https:\/\/iminbokhylla.se\/?p=2922\">recensera<\/a> b\u00f6cker <a href=\"https:\/\/iminbokhylla.se\/?p=1087\">skriva<\/a> av <a href=\"https:\/\/iminbokhylla.se\/?p=877\">m\u00e4nniskor<\/a> jag <a href=\"https:\/\/iminbokhylla.se\/?p=710\">k\u00e4nner<\/a>. Men jag vill \u00e4nd\u00e5 tipsa om dem!<\/p>\n<p>2009-2011 jobbade jag tillsammans med Josefine Lind\u00e9n. Hon pratade d\u00e5 om en id\u00e9 till en bok hon hade, och vi andra uppmanade f\u00f6rst\u00e5s henne att skriva boken. Det gjorde hon, och nu \u00e4r den ute! <a href=\"http:\/\/josefinelinden.se\/\">L\u00e4s mer om Josefine h\u00e4r<\/a>, och <a href=\"http:\/\/www.adlibris.com\/se\/bok\/tiden-gar-sa-langsamt-nar-man-tittar-pa-den-9789187548161\">k\u00f6p boken h\u00e4r<\/a>.<\/p>\n<p><a href=\"https:\/\/iminbokhylla.se\/wp-content\/uploads\/2014\/05\/1.jpg\"><img loading=\"lazy\" src=\"https:\/\/iminbokhylla.se\/wp-content\/uploads\/2014\/05\/1-187x300.jpg\" alt=\"1\" width=\"187\" height=\"300\" class=\"alignnone size-medium wp-image-4225\" srcset=\"https:\/\/iminbokhylla.se\/wp-content\/uploads\/2014\/05\/1-187x300.jpg 187w, https:\/\/iminbokhylla.se\/wp-content\/uploads\/2014\/05\/1.jpg 354w\" sizes=\"(max-width: 187px) 85vw, 187px\" \/><\/a><\/p>\n<p><em>N\u00e4r Caroline och Jonas \u00e4ntligen f\u00e5r sin efterl\u00e4ngtade dotter borde lyckan vara fullkomlig. Men Caroline drabbas av f\u00f6rlossningsdepression och en dag sl\u00e4pper hon taget om det de k\u00e4mpat f\u00f6r. Lilla Elsa \u00f6verlever mirakul\u00f6st fallet fr\u00e5n sjunde v\u00e5ningen men hamnar i koma. Jonas vakar vid sjukhuss\u00e4ngen och Caroline k\u00e4mpar fr\u00e5n f\u00e4ngelset f\u00f6r att f\u00e5 \u00e5terse sin dotter. Kommer k\u00e4rleken att \u00f6verleva? Kommer Elsa att vakna? Hur l\u00e5ngt kan en mor g\u00e5 i kampen f\u00f6r sitt barn? En mor som inte ens minns vad hon har gjort \u2026<\/p>\n<p>Tiden g\u00e5r s\u00e5 l\u00e5ngsamt n\u00e4r man tittar p\u00e5 den \u00e4r en roman om relationer som st\u00e4lls p\u00e5 sin spets, hur kriser f\u00e5r oss att fatta beslut vi annars aldrig skulle snudda vid. Om hur k\u00e4rleken kan \u00f6vervinna allt. Eller rasera detsamma.<\/em><\/p>\n","protected":false},"excerpt":{"rendered":"<p>Som ni kanske kommer ih\u00e5g vill jag inte recensera b\u00f6cker skriva av m\u00e4nniskor jag k\u00e4nner. Men jag vill \u00e4nd\u00e5 tipsa om dem! 2009-2011 jobbade jag tillsammans med Josefine Lind\u00e9n. Hon pratade d\u00e5 om en id\u00e9 till en bok hon hade, och vi andra uppmanade f\u00f6rst\u00e5s henne att skriva boken. Det gjorde hon, och nu \u00e4r &hellip; <a href=\"https:\/\/iminbokhylla.se\/?p=4224\" class=\"more-link\">Forts\u00e4tt l\u00e4sa<span class=\"screen-reader-text\"> \u201dBoktips: exkollega har \u00e4ntligen sl\u00e4ppt sin bok\u201d<\/span><\/a><\/p>\n","protected":false},"author":1,"featured_media":0,"comment_status":"open","ping_status":"open","sticky":false,"template":"","format":"standard","meta":[],"categories":[4],"tags":[9],"featured_image_src":null,"featured_image_src_square":null,"author_info":{"display_name":"Josefine","author_link":"https:\/\/iminbokhylla.se\/?author=1"},"_links":{"self":[{"href":"https:\/\/iminbokhylla.se\/index.php?rest_route=\/wp\/v2\/posts\/4224"}],"collection":[{"href":"https:\/\/iminbokhylla.se\/index.php?rest_route=\/wp\/v2\/posts"}],"about":[{"href":"https:\/\/iminbokhylla.se\/index.php?rest_route=\/wp\/v2\/types\/post"}],"author":[{"embeddable":true,"href":"https:\/\/iminbokhylla.se\/index.php?rest_route=\/wp\/v2\/users\/1"}],"replies":[{"embeddable":true,"href":"https:\/\/iminbokhylla.se\/index.php?rest_route=%2Fwp%2Fv2%2Fcomments&post=4224"}],"version-history":[{"count":0,"href":"https:\/\/iminbokhylla.se\/index.php?rest_route=\/wp\/v2\/posts\/4224\/revisions"}],"wp:attachment":[{"href":"https:\/\/iminbokhylla.se\/index.php?rest_route=%2Fwp%2Fv2%2Fmedia&parent=4224"}],"wp:term":[{"taxonomy":"category","embeddable":true,"href":"https:\/\/iminbokhylla.se\/index.php?rest_route=%2Fwp%2Fv2%2Fcategories&post=4224"},{"taxonomy":"post_tag","embeddable":true,"href":"https:\/\/iminbokhylla.se\/index.php?rest_route=%2Fwp%2Fv2%2Ftags&post=4224"}],"curies":[{"name":"wp","href":"https:\/\/api.w.org\/{rel}","templated":true}]}}