{"id":4211,"date":"2014-04-20T08:01:48","date_gmt":"2014-04-20T06:01:48","guid":{"rendered":"https:\/\/iminbokhylla.se\/?p=4211"},"modified":"2014-04-20T08:02:21","modified_gmt":"2014-04-20T06:02:21","slug":"4211","status":"publish","type":"post","link":"https:\/\/iminbokhylla.se\/?p=4211","title":{"rendered":"Dags f\u00f6r Annika Bengtsson!"},"content":{"rendered":"<p>Jag har ju f\u00f6ljt Annika Bengtsson, f\u00f6rfattare med det egna f\u00f6rlaget Grim. Och l\u00e4st <a href=\"https:\/\/iminbokhylla.se\/?p=2657\">Kr\u00e5kprinsessan<\/a>, <a href=\"https:\/\/iminbokhylla.se\/?p=2657\">Gl\u00f6mskelunden<\/a> och <a href=\"https:\/\/iminbokhylla.se\/?p=873\">Sn\u00f6kupan<\/a>. Nu \u00e4r det dags f\u00f6r mig att l\u00e4sa nummer fyra, Mellan raderna. Den damp ned i min brevl\u00e5da f\u00f6r typ ett \u00e5r sedan men hamnade i en flyttkartong och har \u00e4ntligen dykt upp igen. <\/p>\n<p>P\u00e5skledighet, solvarm takterrass, sovande sambo = h\u00e4rlig l\u00e4stid. <a href=\"https:\/\/iminbokhylla.se\/wp-content\/uploads\/2014\/04\/20140420-075948.jpg\"><img src=\"https:\/\/iminbokhylla.se\/wp-content\/uploads\/2014\/04\/20140420-075948.jpg\" alt=\"20140420-075948.jpg\" class=\"alignnone size-full\" \/><\/a><\/p>\n","protected":false},"excerpt":{"rendered":"<p>Jag har ju f\u00f6ljt Annika Bengtsson, f\u00f6rfattare med det egna f\u00f6rlaget Grim. Och l\u00e4st Kr\u00e5kprinsessan, Gl\u00f6mskelunden och Sn\u00f6kupan. Nu \u00e4r det dags f\u00f6r mig att l\u00e4sa nummer fyra, Mellan raderna. Den damp ned i min brevl\u00e5da f\u00f6r typ ett \u00e5r sedan men hamnade i en flyttkartong och har \u00e4ntligen dykt upp igen. P\u00e5skledighet, solvarm takterrass, &hellip; <a href=\"https:\/\/iminbokhylla.se\/?p=4211\" class=\"more-link\">Forts\u00e4tt l\u00e4sa<span class=\"screen-reader-text\"> \u201dDags f\u00f6r Annika Bengtsson!\u201d<\/span><\/a><\/p>\n","protected":false},"author":1,"featured_media":0,"comment_status":"open","ping_status":"open","sticky":false,"template":"","format":"standard","meta":[],"categories":[4],"tags":[9],"featured_image_src":null,"featured_image_src_square":null,"author_info":{"display_name":"Josefine","author_link":"https:\/\/iminbokhylla.se\/?author=1"},"_links":{"self":[{"href":"https:\/\/iminbokhylla.se\/index.php?rest_route=\/wp\/v2\/posts\/4211"}],"collection":[{"href":"https:\/\/iminbokhylla.se\/index.php?rest_route=\/wp\/v2\/posts"}],"about":[{"href":"https:\/\/iminbokhylla.se\/index.php?rest_route=\/wp\/v2\/types\/post"}],"author":[{"embeddable":true,"href":"https:\/\/iminbokhylla.se\/index.php?rest_route=\/wp\/v2\/users\/1"}],"replies":[{"embeddable":true,"href":"https:\/\/iminbokhylla.se\/index.php?rest_route=%2Fwp%2Fv2%2Fcomments&post=4211"}],"version-history":[{"count":0,"href":"https:\/\/iminbokhylla.se\/index.php?rest_route=\/wp\/v2\/posts\/4211\/revisions"}],"wp:attachment":[{"href":"https:\/\/iminbokhylla.se\/index.php?rest_route=%2Fwp%2Fv2%2Fmedia&parent=4211"}],"wp:term":[{"taxonomy":"category","embeddable":true,"href":"https:\/\/iminbokhylla.se\/index.php?rest_route=%2Fwp%2Fv2%2Fcategories&post=4211"},{"taxonomy":"post_tag","embeddable":true,"href":"https:\/\/iminbokhylla.se\/index.php?rest_route=%2Fwp%2Fv2%2Ftags&post=4211"}],"curies":[{"name":"wp","href":"https:\/\/api.w.org\/{rel}","templated":true}]}}