{"id":4200,"date":"2014-04-18T10:21:31","date_gmt":"2014-04-18T08:21:31","guid":{"rendered":"https:\/\/iminbokhylla.se\/?p=4200"},"modified":"2014-04-18T10:21:31","modified_gmt":"2014-04-18T08:21:31","slug":"med-bokbloggeliten-pa-mingel","status":"publish","type":"post","link":"https:\/\/iminbokhylla.se\/?p=4200","title":{"rendered":"Med bokbloggeliten p\u00e5 mingel*"},"content":{"rendered":"<p>F\u00f6rra torsdagen var jag p\u00e5 bokevent, Massolit f\u00f6rlag hade v\u00e5rbloggtr\u00e4ff. Mingel, lite mat, och s\u00e5 presentation av v\u00e5rens b\u00f6cker. <\/p>\n<p>https:\/\/www.flickr.com\/photos\/granding\/13763917524\/<\/p>\n<p><a href=\"http:\/\/www.damm.se\/Bocker\/Bokpresentationssida\/?articleId=9964\">Sofie Sarenbrant<\/a>, <a href=\"http:\/\/massolit.se\/Bocker\/Bokpresentationssida\/?articleId=9968\">Manne Fagerlind<\/a>, <a href=\"http:\/\/massolit.se\/Bocker\/Bokpresentationssida\/?articleId=10348\">Martin Svensson<\/a> (som hade mailat in sina svar och portr\u00e4tterades av en f\u00f6rlagsanst\u00e4lld som g\u00f6mde sig bakom ett Martinportr\u00e4tt), <a href=\"http:\/\/www.icabokforlag.se\/Bocker\/Bokpresentationssida\/?articleId=9991\">Jenny Damberg<\/a>, <a href=\"http:\/\/massolit.se\/Bocker\/Bokpresentationssida\/?articleId=9967\">Marika King<\/a>, <a href=\"http:\/\/massolit.se\/Bocker\/Bokpresentationssida\/?articleId=10386\">Lars Wilder\u00e4ng<\/a> och tv\u00e5 av killarna bakom <a href=\"http:\/\/massolit.se\/Bocker\/Bokpresentationssida\/?articleId=10291\">Stalins makaroner<\/a>. <\/p>\n<p><em>* Huh, kallar jag mig sj\u00e4lv f\u00f6r bokbloggelit numer? Nejd\u00e5, jag citerar bara <a href=\"http:\/\/cornucopia.cornubot.se\/2014\/04\/fredagsmys-vad-gjorde-jag-i-stockholm.html\">Lars Wilder\u00e4ng<\/a>. \ud83d\ude42<\/em><\/p>\n","protected":false},"excerpt":{"rendered":"<p>F\u00f6rra torsdagen var jag p\u00e5 bokevent, Massolit f\u00f6rlag hade v\u00e5rbloggtr\u00e4ff. Mingel, lite mat, och s\u00e5 presentation av v\u00e5rens b\u00f6cker. https:\/\/www.flickr.com\/photos\/granding\/13763917524\/ Sofie Sarenbrant, Manne Fagerlind, Martin Svensson (som hade mailat in sina svar och portr\u00e4tterades av en f\u00f6rlagsanst\u00e4lld som g\u00f6mde sig bakom ett Martinportr\u00e4tt), Jenny Damberg, Marika King, Lars Wilder\u00e4ng och tv\u00e5 av killarna bakom Stalins &hellip; <a href=\"https:\/\/iminbokhylla.se\/?p=4200\" class=\"more-link\">Forts\u00e4tt l\u00e4sa<span class=\"screen-reader-text\"> \u201dMed bokbloggeliten p\u00e5 mingel*\u201d<\/span><\/a><\/p>\n","protected":false},"author":1,"featured_media":0,"comment_status":"open","ping_status":"open","sticky":false,"template":"","format":"standard","meta":[],"categories":[4],"tags":[9],"featured_image_src":null,"featured_image_src_square":null,"author_info":{"display_name":"Josefine","author_link":"https:\/\/iminbokhylla.se\/?author=1"},"_links":{"self":[{"href":"https:\/\/iminbokhylla.se\/index.php?rest_route=\/wp\/v2\/posts\/4200"}],"collection":[{"href":"https:\/\/iminbokhylla.se\/index.php?rest_route=\/wp\/v2\/posts"}],"about":[{"href":"https:\/\/iminbokhylla.se\/index.php?rest_route=\/wp\/v2\/types\/post"}],"author":[{"embeddable":true,"href":"https:\/\/iminbokhylla.se\/index.php?rest_route=\/wp\/v2\/users\/1"}],"replies":[{"embeddable":true,"href":"https:\/\/iminbokhylla.se\/index.php?rest_route=%2Fwp%2Fv2%2Fcomments&post=4200"}],"version-history":[{"count":0,"href":"https:\/\/iminbokhylla.se\/index.php?rest_route=\/wp\/v2\/posts\/4200\/revisions"}],"wp:attachment":[{"href":"https:\/\/iminbokhylla.se\/index.php?rest_route=%2Fwp%2Fv2%2Fmedia&parent=4200"}],"wp:term":[{"taxonomy":"category","embeddable":true,"href":"https:\/\/iminbokhylla.se\/index.php?rest_route=%2Fwp%2Fv2%2Fcategories&post=4200"},{"taxonomy":"post_tag","embeddable":true,"href":"https:\/\/iminbokhylla.se\/index.php?rest_route=%2Fwp%2Fv2%2Ftags&post=4200"}],"curies":[{"name":"wp","href":"https:\/\/api.w.org\/{rel}","templated":true}]}}