{"id":4169,"date":"2014-03-19T12:55:45","date_gmt":"2014-03-19T10:55:45","guid":{"rendered":"https:\/\/iminbokhylla.se\/?p=4169"},"modified":"2014-03-19T22:02:19","modified_gmt":"2014-03-19T20:02:19","slug":"en-manad-senare","status":"publish","type":"post","link":"https:\/\/iminbokhylla.se\/?p=4169","title":{"rendered":"En m\u00e5nad senare"},"content":{"rendered":"<p>I f\u00f6rra inl\u00e4gget skrev jag att jag satt i en sjuksal. <a href=\"http:\/\/www.granding.se\/2014\/02\/19\/finns-inte-langre\/\">Tyv\u00e4rr gick det \u00e5t skogen<\/a>. Idag har det g\u00e5tt en m\u00e5nad och kanske \u00e4r det dags att b\u00f6rja blogga igen? Jag ska i alla fall p\u00e5 bok-event p\u00e5 imorgon.<\/p>\n","protected":false},"excerpt":{"rendered":"<p>I f\u00f6rra inl\u00e4gget skrev jag att jag satt i en sjuksal. Tyv\u00e4rr gick det \u00e5t skogen. Idag har det g\u00e5tt en m\u00e5nad och kanske \u00e4r det dags att b\u00f6rja blogga igen? Jag ska i alla fall p\u00e5 bok-event p\u00e5 imorgon.<\/p>\n","protected":false},"author":1,"featured_media":0,"comment_status":"open","ping_status":"open","sticky":false,"template":"","format":"standard","meta":[],"categories":[4],"tags":[9],"featured_image_src":null,"featured_image_src_square":null,"author_info":{"display_name":"Josefine","author_link":"https:\/\/iminbokhylla.se\/?author=1"},"_links":{"self":[{"href":"https:\/\/iminbokhylla.se\/index.php?rest_route=\/wp\/v2\/posts\/4169"}],"collection":[{"href":"https:\/\/iminbokhylla.se\/index.php?rest_route=\/wp\/v2\/posts"}],"about":[{"href":"https:\/\/iminbokhylla.se\/index.php?rest_route=\/wp\/v2\/types\/post"}],"author":[{"embeddable":true,"href":"https:\/\/iminbokhylla.se\/index.php?rest_route=\/wp\/v2\/users\/1"}],"replies":[{"embeddable":true,"href":"https:\/\/iminbokhylla.se\/index.php?rest_route=%2Fwp%2Fv2%2Fcomments&post=4169"}],"version-history":[{"count":0,"href":"https:\/\/iminbokhylla.se\/index.php?rest_route=\/wp\/v2\/posts\/4169\/revisions"}],"wp:attachment":[{"href":"https:\/\/iminbokhylla.se\/index.php?rest_route=%2Fwp%2Fv2%2Fmedia&parent=4169"}],"wp:term":[{"taxonomy":"category","embeddable":true,"href":"https:\/\/iminbokhylla.se\/index.php?rest_route=%2Fwp%2Fv2%2Fcategories&post=4169"},{"taxonomy":"post_tag","embeddable":true,"href":"https:\/\/iminbokhylla.se\/index.php?rest_route=%2Fwp%2Fv2%2Ftags&post=4169"}],"curies":[{"name":"wp","href":"https:\/\/api.w.org\/{rel}","templated":true}]}}