{"id":4134,"date":"2014-02-10T07:25:23","date_gmt":"2014-02-10T05:25:23","guid":{"rendered":"https:\/\/iminbokhylla.se\/?p=4134"},"modified":"2014-02-10T20:05:47","modified_gmt":"2014-02-10T18:05:47","slug":"dag-15-favoritkaraktar-manlig","status":"publish","type":"post","link":"https:\/\/iminbokhylla.se\/?p=4134","title":{"rendered":"Dag 15 \u2013 Favoritkarakt\u00e4r: manlig"},"content":{"rendered":"<p>Som vanligt har jag inte en favorit, men n\u00e5gra jag gillar mer \u00e4n andra:<\/p>\n<p>&#8211; Mick i Lottab\u00f6ckerna. En id\u00e9spruta som alltid f\u00e5r ig\u00e5ng alla att g\u00f6ra de mest jobbiga\/galna\/roliga\/slitsamma saker. En lojal modesnobb med hj\u00e4rtat p\u00e5 helt r\u00e4tt plats. <\/p>\n<p>&#8211; Pappan i Lilla huset p\u00e5 pr\u00e4rien. Det var minst 20 \u00e5r sedan jag l\u00e4ste b\u00f6ckerna, men han k\u00e4nns som en v\u00e4ldigt bra pappa?<\/p>\n<p>&#8211; Harry Hole. En klich\u00e9: ett nedg\u00e5nget, trasigt svin till geni, som man gillar. <\/p>\n<p>(Och om Veronica Mars var en bok och inte en tv-serie hade hennes coola pappa definitivt platsat h\u00e4r). <\/p>\n<p><em><a href=\"http:\/\/www.vg.no\/rampelys\/artikkel.php?artid=10074756\">Norska tidningen VGs version av Harry Hole<\/a><\/em><br \/>\n<a href=\"https:\/\/iminbokhylla.se\/wp-content\/uploads\/2014\/02\/Harry.jpg\"><img loading=\"lazy\" src=\"https:\/\/iminbokhylla.se\/wp-content\/uploads\/2014\/02\/Harry-300x215.jpg\" alt=\"Harry\" width=\"300\" height=\"215\" class=\"alignnone size-medium wp-image-4136\" srcset=\"https:\/\/iminbokhylla.se\/wp-content\/uploads\/2014\/02\/Harry-300x215.jpg 300w, https:\/\/iminbokhylla.se\/wp-content\/uploads\/2014\/02\/Harry.jpg 834w\" sizes=\"(max-width: 300px) 85vw, 300px\" \/><\/a><\/p>\n","protected":false},"excerpt":{"rendered":"<p>Som vanligt har jag inte en favorit, men n\u00e5gra jag gillar mer \u00e4n andra: &#8211; Mick i Lottab\u00f6ckerna. En id\u00e9spruta som alltid f\u00e5r ig\u00e5ng alla att g\u00f6ra de mest jobbiga\/galna\/roliga\/slitsamma saker. En lojal modesnobb med hj\u00e4rtat p\u00e5 helt r\u00e4tt plats. &#8211; Pappan i Lilla huset p\u00e5 pr\u00e4rien. Det var minst 20 \u00e5r sedan jag l\u00e4ste &hellip; <a href=\"https:\/\/iminbokhylla.se\/?p=4134\" class=\"more-link\">Forts\u00e4tt l\u00e4sa<span class=\"screen-reader-text\"> \u201dDag 15 \u2013 Favoritkarakt\u00e4r: manlig\u201d<\/span><\/a><\/p>\n","protected":false},"author":1,"featured_media":0,"comment_status":"open","ping_status":"open","sticky":false,"template":"","format":"standard","meta":[],"categories":[4],"tags":[9],"featured_image_src":null,"featured_image_src_square":null,"author_info":{"display_name":"Josefine","author_link":"https:\/\/iminbokhylla.se\/?author=1"},"_links":{"self":[{"href":"https:\/\/iminbokhylla.se\/index.php?rest_route=\/wp\/v2\/posts\/4134"}],"collection":[{"href":"https:\/\/iminbokhylla.se\/index.php?rest_route=\/wp\/v2\/posts"}],"about":[{"href":"https:\/\/iminbokhylla.se\/index.php?rest_route=\/wp\/v2\/types\/post"}],"author":[{"embeddable":true,"href":"https:\/\/iminbokhylla.se\/index.php?rest_route=\/wp\/v2\/users\/1"}],"replies":[{"embeddable":true,"href":"https:\/\/iminbokhylla.se\/index.php?rest_route=%2Fwp%2Fv2%2Fcomments&post=4134"}],"version-history":[{"count":0,"href":"https:\/\/iminbokhylla.se\/index.php?rest_route=\/wp\/v2\/posts\/4134\/revisions"}],"wp:attachment":[{"href":"https:\/\/iminbokhylla.se\/index.php?rest_route=%2Fwp%2Fv2%2Fmedia&parent=4134"}],"wp:term":[{"taxonomy":"category","embeddable":true,"href":"https:\/\/iminbokhylla.se\/index.php?rest_route=%2Fwp%2Fv2%2Fcategories&post=4134"},{"taxonomy":"post_tag","embeddable":true,"href":"https:\/\/iminbokhylla.se\/index.php?rest_route=%2Fwp%2Fv2%2Ftags&post=4134"}],"curies":[{"name":"wp","href":"https:\/\/api.w.org\/{rel}","templated":true}]}}