{"id":4123,"date":"2014-02-07T11:45:41","date_gmt":"2014-02-07T09:45:41","guid":{"rendered":"https:\/\/iminbokhylla.se\/?p=4123"},"modified":"2014-02-05T22:45:57","modified_gmt":"2014-02-05T20:45:57","slug":"dag-12-en-bok-som-du-brukade-alska","status":"publish","type":"post","link":"https:\/\/iminbokhylla.se\/?p=4123","title":{"rendered":"Dag 12 \u2013 En bok som du brukade \u00e4lska"},"content":{"rendered":"<p>Jag b\u00f6rjar \u00e5ngra att jag hoppade p\u00e5 den h\u00e4r dagsgrejen, speciellt eftersom jag inte l\u00e4ste \u00e4mnena innan. Hj\u00e4lp s\u00e5 sv\u00e5rt!<\/p>\n<p>Jag kan inte komma p\u00e5 n\u00e5gon bok jag en g\u00e5ng \u00e4lskat men som jag inte \u00e4lskar l\u00e4ngre. Kan verkligen inte. Klagar till sambon och han s\u00e4ger &#8221;men ta en bok du kanske vuxit ifr\u00e5n?&#8221;. S\u00e5 ok. Kulla-Gullaserien och serien om Cherry Ames var b\u00f6cker jag verkligen \u00e4lskade n\u00e4r jag var liten. Har jag slutat \u00e4lska dem? Jag vet inte, jag har inte l\u00e4st dem p\u00e5 m\u00e5nga, m\u00e5nga \u00e5r. Men nu blir jag riktigt sugen. \ud83d\ude42<\/p>\n<p><a href=\"https:\/\/iminbokhylla.se\/wp-content\/uploads\/2014\/02\/Kulla-Gulla.jpg\"><img loading=\"lazy\" src=\"https:\/\/iminbokhylla.se\/wp-content\/uploads\/2014\/02\/Kulla-Gulla.jpg\" alt=\"Kulla-Gulla\" width=\"135\" height=\"201\" class=\"alignnone size-full wp-image-4124\" \/><\/a><\/p>\n<p><a href=\"https:\/\/iminbokhylla.se\/wp-content\/uploads\/2014\/02\/Cherry-ames.jpg\"><img loading=\"lazy\" src=\"https:\/\/iminbokhylla.se\/wp-content\/uploads\/2014\/02\/Cherry-ames-188x300.jpg\" alt=\"Cherry ames\" width=\"188\" height=\"300\" class=\"alignnone size-medium wp-image-4125\" srcset=\"https:\/\/iminbokhylla.se\/wp-content\/uploads\/2014\/02\/Cherry-ames-188x300.jpg 188w, https:\/\/iminbokhylla.se\/wp-content\/uploads\/2014\/02\/Cherry-ames-641x1024.jpg 641w, https:\/\/iminbokhylla.se\/wp-content\/uploads\/2014\/02\/Cherry-ames.jpg 1003w\" sizes=\"(max-width: 188px) 85vw, 188px\" \/><\/a><\/p>\n","protected":false},"excerpt":{"rendered":"<p>Jag b\u00f6rjar \u00e5ngra att jag hoppade p\u00e5 den h\u00e4r dagsgrejen, speciellt eftersom jag inte l\u00e4ste \u00e4mnena innan. Hj\u00e4lp s\u00e5 sv\u00e5rt! Jag kan inte komma p\u00e5 n\u00e5gon bok jag en g\u00e5ng \u00e4lskat men som jag inte \u00e4lskar l\u00e4ngre. Kan verkligen inte. Klagar till sambon och han s\u00e4ger &#8221;men ta en bok du kanske vuxit ifr\u00e5n?&#8221;. S\u00e5 &hellip; <a href=\"https:\/\/iminbokhylla.se\/?p=4123\" class=\"more-link\">Forts\u00e4tt l\u00e4sa<span class=\"screen-reader-text\"> \u201dDag 12 \u2013 En bok som du brukade \u00e4lska\u201d<\/span><\/a><\/p>\n","protected":false},"author":1,"featured_media":0,"comment_status":"open","ping_status":"open","sticky":false,"template":"","format":"standard","meta":[],"categories":[4],"tags":[9],"featured_image_src":null,"featured_image_src_square":null,"author_info":{"display_name":"Josefine","author_link":"https:\/\/iminbokhylla.se\/?author=1"},"_links":{"self":[{"href":"https:\/\/iminbokhylla.se\/index.php?rest_route=\/wp\/v2\/posts\/4123"}],"collection":[{"href":"https:\/\/iminbokhylla.se\/index.php?rest_route=\/wp\/v2\/posts"}],"about":[{"href":"https:\/\/iminbokhylla.se\/index.php?rest_route=\/wp\/v2\/types\/post"}],"author":[{"embeddable":true,"href":"https:\/\/iminbokhylla.se\/index.php?rest_route=\/wp\/v2\/users\/1"}],"replies":[{"embeddable":true,"href":"https:\/\/iminbokhylla.se\/index.php?rest_route=%2Fwp%2Fv2%2Fcomments&post=4123"}],"version-history":[{"count":0,"href":"https:\/\/iminbokhylla.se\/index.php?rest_route=\/wp\/v2\/posts\/4123\/revisions"}],"wp:attachment":[{"href":"https:\/\/iminbokhylla.se\/index.php?rest_route=%2Fwp%2Fv2%2Fmedia&parent=4123"}],"wp:term":[{"taxonomy":"category","embeddable":true,"href":"https:\/\/iminbokhylla.se\/index.php?rest_route=%2Fwp%2Fv2%2Fcategories&post=4123"},{"taxonomy":"post_tag","embeddable":true,"href":"https:\/\/iminbokhylla.se\/index.php?rest_route=%2Fwp%2Fv2%2Ftags&post=4123"}],"curies":[{"name":"wp","href":"https:\/\/api.w.org\/{rel}","templated":true}]}}