{"id":4103,"date":"2014-02-03T12:54:15","date_gmt":"2014-02-03T10:54:15","guid":{"rendered":"https:\/\/iminbokhylla.se\/?p=4103"},"modified":"2014-02-03T14:19:56","modified_gmt":"2014-02-03T12:19:56","slug":"dag-08-den-mest-overskattade-boken","status":"publish","type":"post","link":"https:\/\/iminbokhylla.se\/?p=4103","title":{"rendered":"Dag 08 \u2013 Den mest \u00f6verskattade boken"},"content":{"rendered":"<p>Jag tycker att jag ofta l\u00e4ser en bok som alla andra \u00e4lskar, men som jag inte gillar alls. Det st\u00f6rsta exemplet \u00e4r f\u00f6rst\u00e5s <a href=\"https:\/\/iminbokhylla.se\/?p=3607\">Knausg\u00e5rd<\/a>. &#8221;Det \u00e4r l\u00e5ngt. Det \u00e4r sj\u00e4lvupptaget. Det \u00e4r ostrukturerat. Det \u00e4r inte s\u00e4rskilt intressant.&#8221; Definitivt en \u00f6verskattad bok(serie). <\/p>\n<p><a href=\"https:\/\/iminbokhylla.se\/wp-content\/uploads\/2014\/02\/min-kamp.jpg\"><img loading=\"lazy\" src=\"https:\/\/iminbokhylla.se\/wp-content\/uploads\/2014\/02\/min-kamp-225x300.jpg\" alt=\"min kamp\" width=\"225\" height=\"300\" class=\"alignnone size-medium wp-image-4104\" srcset=\"https:\/\/iminbokhylla.se\/wp-content\/uploads\/2014\/02\/min-kamp-225x300.jpg 225w, https:\/\/iminbokhylla.se\/wp-content\/uploads\/2014\/02\/min-kamp.jpg 480w\" sizes=\"(max-width: 225px) 85vw, 225px\" \/><\/a><\/p>\n","protected":false},"excerpt":{"rendered":"<p>Jag tycker att jag ofta l\u00e4ser en bok som alla andra \u00e4lskar, men som jag inte gillar alls. Det st\u00f6rsta exemplet \u00e4r f\u00f6rst\u00e5s Knausg\u00e5rd. &#8221;Det \u00e4r l\u00e5ngt. Det \u00e4r sj\u00e4lvupptaget. Det \u00e4r ostrukturerat. Det \u00e4r inte s\u00e4rskilt intressant.&#8221; Definitivt en \u00f6verskattad bok(serie).<\/p>\n","protected":false},"author":1,"featured_media":0,"comment_status":"open","ping_status":"open","sticky":false,"template":"","format":"standard","meta":[],"categories":[4],"tags":[9],"featured_image_src":null,"featured_image_src_square":null,"author_info":{"display_name":"Josefine","author_link":"https:\/\/iminbokhylla.se\/?author=1"},"_links":{"self":[{"href":"https:\/\/iminbokhylla.se\/index.php?rest_route=\/wp\/v2\/posts\/4103"}],"collection":[{"href":"https:\/\/iminbokhylla.se\/index.php?rest_route=\/wp\/v2\/posts"}],"about":[{"href":"https:\/\/iminbokhylla.se\/index.php?rest_route=\/wp\/v2\/types\/post"}],"author":[{"embeddable":true,"href":"https:\/\/iminbokhylla.se\/index.php?rest_route=\/wp\/v2\/users\/1"}],"replies":[{"embeddable":true,"href":"https:\/\/iminbokhylla.se\/index.php?rest_route=%2Fwp%2Fv2%2Fcomments&post=4103"}],"version-history":[{"count":0,"href":"https:\/\/iminbokhylla.se\/index.php?rest_route=\/wp\/v2\/posts\/4103\/revisions"}],"wp:attachment":[{"href":"https:\/\/iminbokhylla.se\/index.php?rest_route=%2Fwp%2Fv2%2Fmedia&parent=4103"}],"wp:term":[{"taxonomy":"category","embeddable":true,"href":"https:\/\/iminbokhylla.se\/index.php?rest_route=%2Fwp%2Fv2%2Fcategories&post=4103"},{"taxonomy":"post_tag","embeddable":true,"href":"https:\/\/iminbokhylla.se\/index.php?rest_route=%2Fwp%2Fv2%2Ftags&post=4103"}],"curies":[{"name":"wp","href":"https:\/\/api.w.org\/{rel}","templated":true}]}}