{"id":4097,"date":"2014-02-01T09:53:19","date_gmt":"2014-02-01T07:53:19","guid":{"rendered":"https:\/\/iminbokhylla.se\/?p=4097"},"modified":"2014-01-30T11:01:03","modified_gmt":"2014-01-30T09:01:03","slug":"dag-06-en-bok-som-gor-dig-ledsen","status":"publish","type":"post","link":"https:\/\/iminbokhylla.se\/?p=4097","title":{"rendered":"Dag 06 \u2013 En bok som g\u00f6r dig ledsen"},"content":{"rendered":"<p>Jag blir v\u00e4ldigt l\u00e4tt r\u00f6rd, s\u00e5 gr\u00e5ter ofta till b\u00f6cker. Blir fortfarande t\u00e5r\u00f6gd n\u00e4r jag t\u00e4nker p\u00e5 den gamla damen som d\u00f6r av en insekt (?) i barnboken om elefanten Babar. Men den bok jag gr\u00e5tit allra mest till \u00e4r PS: Jag \u00e4lskar dig! av Cecilia Ahern. Men obs! <a href=\"https:\/\/iminbokhylla.se\/?p=348\">Inte att f\u00f6rv\u00e4xla med filmen, som jag tycker var usel<\/a>. Hela boken \u00e4r s\u00e5 fin (min vanligaste orsak till bok-gr\u00e5t, att det \u00e4r fiiiiint) och jag gr\u00e4t s\u00e5 mycket att jag var tvungen att g\u00e5 och v\u00e4cka sambon f\u00f6r att st\u00e5 ut. <\/p>\n<p><em>Brukar ni gr\u00e5ta till b\u00f6cker?<\/em><\/p>\n<p><a href=\"https:\/\/iminbokhylla.se\/wp-content\/uploads\/2014\/01\/ps-jag-alskar-dig.jpg\"><img loading=\"lazy\" src=\"https:\/\/iminbokhylla.se\/wp-content\/uploads\/2014\/01\/ps-jag-alskar-dig.jpg\" alt=\"ps-jag-alskar-dig\" width=\"185\" height=\"300\" class=\"alignnone size-full wp-image-4098\" \/><\/a><\/p>\n","protected":false},"excerpt":{"rendered":"<p>Jag blir v\u00e4ldigt l\u00e4tt r\u00f6rd, s\u00e5 gr\u00e5ter ofta till b\u00f6cker. Blir fortfarande t\u00e5r\u00f6gd n\u00e4r jag t\u00e4nker p\u00e5 den gamla damen som d\u00f6r av en insekt (?) i barnboken om elefanten Babar. Men den bok jag gr\u00e5tit allra mest till \u00e4r PS: Jag \u00e4lskar dig! av Cecilia Ahern. Men obs! Inte att f\u00f6rv\u00e4xla med filmen, som &hellip; <a href=\"https:\/\/iminbokhylla.se\/?p=4097\" class=\"more-link\">Forts\u00e4tt l\u00e4sa<span class=\"screen-reader-text\"> \u201dDag 06 \u2013 En bok som g\u00f6r dig ledsen\u201d<\/span><\/a><\/p>\n","protected":false},"author":1,"featured_media":0,"comment_status":"open","ping_status":"open","sticky":false,"template":"","format":"standard","meta":[],"categories":[4],"tags":[9],"featured_image_src":null,"featured_image_src_square":null,"author_info":{"display_name":"Josefine","author_link":"https:\/\/iminbokhylla.se\/?author=1"},"_links":{"self":[{"href":"https:\/\/iminbokhylla.se\/index.php?rest_route=\/wp\/v2\/posts\/4097"}],"collection":[{"href":"https:\/\/iminbokhylla.se\/index.php?rest_route=\/wp\/v2\/posts"}],"about":[{"href":"https:\/\/iminbokhylla.se\/index.php?rest_route=\/wp\/v2\/types\/post"}],"author":[{"embeddable":true,"href":"https:\/\/iminbokhylla.se\/index.php?rest_route=\/wp\/v2\/users\/1"}],"replies":[{"embeddable":true,"href":"https:\/\/iminbokhylla.se\/index.php?rest_route=%2Fwp%2Fv2%2Fcomments&post=4097"}],"version-history":[{"count":0,"href":"https:\/\/iminbokhylla.se\/index.php?rest_route=\/wp\/v2\/posts\/4097\/revisions"}],"wp:attachment":[{"href":"https:\/\/iminbokhylla.se\/index.php?rest_route=%2Fwp%2Fv2%2Fmedia&parent=4097"}],"wp:term":[{"taxonomy":"category","embeddable":true,"href":"https:\/\/iminbokhylla.se\/index.php?rest_route=%2Fwp%2Fv2%2Fcategories&post=4097"},{"taxonomy":"post_tag","embeddable":true,"href":"https:\/\/iminbokhylla.se\/index.php?rest_route=%2Fwp%2Fv2%2Ftags&post=4097"}],"curies":[{"name":"wp","href":"https:\/\/api.w.org\/{rel}","templated":true}]}}