{"id":4092,"date":"2014-01-31T11:52:20","date_gmt":"2014-01-31T09:52:20","guid":{"rendered":"https:\/\/iminbokhylla.se\/?p=4092"},"modified":"2014-01-30T10:53:09","modified_gmt":"2014-01-30T08:53:09","slug":"dag-05-en-bok-som-gor-dig-glad","status":"publish","type":"post","link":"https:\/\/iminbokhylla.se\/?p=4092","title":{"rendered":"Dag 05 \u2013 En bok som g\u00f6r dig glad"},"content":{"rendered":"<p>Just nu \u00e4r jag v\u00e4ldigt f\u00f6rtjust i Emma Hambergs Roseng\u00e4dda-serie. Har inte varit n\u00e5got Hambergfan tidigare, men dessa b\u00f6cker \u00e4lskar jag, och de g\u00f6r mig absolut glad. Men f\u00f6r att n\u00e4mna n\u00e5got annat \u00e4n Hamberg &#8230;<\/p>\n<p>Det finns m\u00e5nga olika stilar att bli glad av tycker jag. M\u00e5nga bra skrivna chick-litb\u00f6cker blir jag glad av, men jag kan \u00e4ven bli glad av lite mer allvarliga b\u00f6cker, inte av deras inneh\u00e5ll, men f\u00f6r att de \u00e4r skrivna. <\/p>\n<p>Men ok, om jag ska kora en bok jag blir glad av s\u00e5 \u00e4r Marian Keyes bok Vattenmelonen en av dem. <\/p>\n<p><em>Hm, den utg\u00e5va av Vattenmelonen jag har hemma har ett mycket gladare omslag, men hittar inte det p\u00e5 n\u00e4tet nu<\/em><\/p>\n<p><a href=\"https:\/\/iminbokhylla.se\/wp-content\/uploads\/2014\/01\/vattenmelonen.jpg\"><img loading=\"lazy\" src=\"https:\/\/iminbokhylla.se\/wp-content\/uploads\/2014\/01\/vattenmelonen.jpg\" alt=\"*** Local Caption ***\" width=\"120\" height=\"196\" class=\"alignnone size-full wp-image-4095\" \/><\/a><\/p>\n","protected":false},"excerpt":{"rendered":"<p>Just nu \u00e4r jag v\u00e4ldigt f\u00f6rtjust i Emma Hambergs Roseng\u00e4dda-serie. Har inte varit n\u00e5got Hambergfan tidigare, men dessa b\u00f6cker \u00e4lskar jag, och de g\u00f6r mig absolut glad. Men f\u00f6r att n\u00e4mna n\u00e5got annat \u00e4n Hamberg &#8230; Det finns m\u00e5nga olika stilar att bli glad av tycker jag. M\u00e5nga bra skrivna chick-litb\u00f6cker blir jag glad av, &hellip; <a href=\"https:\/\/iminbokhylla.se\/?p=4092\" class=\"more-link\">Forts\u00e4tt l\u00e4sa<span class=\"screen-reader-text\"> \u201dDag 05 \u2013 En bok som g\u00f6r dig glad\u201d<\/span><\/a><\/p>\n","protected":false},"author":1,"featured_media":0,"comment_status":"open","ping_status":"open","sticky":false,"template":"","format":"standard","meta":[],"categories":[4],"tags":[9],"featured_image_src":null,"featured_image_src_square":null,"author_info":{"display_name":"Josefine","author_link":"https:\/\/iminbokhylla.se\/?author=1"},"_links":{"self":[{"href":"https:\/\/iminbokhylla.se\/index.php?rest_route=\/wp\/v2\/posts\/4092"}],"collection":[{"href":"https:\/\/iminbokhylla.se\/index.php?rest_route=\/wp\/v2\/posts"}],"about":[{"href":"https:\/\/iminbokhylla.se\/index.php?rest_route=\/wp\/v2\/types\/post"}],"author":[{"embeddable":true,"href":"https:\/\/iminbokhylla.se\/index.php?rest_route=\/wp\/v2\/users\/1"}],"replies":[{"embeddable":true,"href":"https:\/\/iminbokhylla.se\/index.php?rest_route=%2Fwp%2Fv2%2Fcomments&post=4092"}],"version-history":[{"count":0,"href":"https:\/\/iminbokhylla.se\/index.php?rest_route=\/wp\/v2\/posts\/4092\/revisions"}],"wp:attachment":[{"href":"https:\/\/iminbokhylla.se\/index.php?rest_route=%2Fwp%2Fv2%2Fmedia&parent=4092"}],"wp:term":[{"taxonomy":"category","embeddable":true,"href":"https:\/\/iminbokhylla.se\/index.php?rest_route=%2Fwp%2Fv2%2Fcategories&post=4092"},{"taxonomy":"post_tag","embeddable":true,"href":"https:\/\/iminbokhylla.se\/index.php?rest_route=%2Fwp%2Fv2%2Ftags&post=4092"}],"curies":[{"name":"wp","href":"https:\/\/api.w.org\/{rel}","templated":true}]}}